{"id":28052,"date":"2021-06-02T16:10:20","date_gmt":"2021-06-02T21:10:20","guid":{"rendered":"http:\/\/www.zonaroja.com.mx\/?p=28052"},"modified":"2021-06-02T16:10:24","modified_gmt":"2021-06-02T21:10:24","slug":"en-la-uabjo-nadie-puede-imponerse-como-representante-corporativo","status":"publish","type":"post","link":"https:\/\/zonaroja.com.mx\/?p=28052","title":{"rendered":"\u201cEn la UABJO nadie puede imponerse como representante corporativo\u201d"},"content":{"rendered":"\n<p>Yuridiana Sosa\/Zona Roja.<\/p>\n\n\n\n<p>Oaxaca de Ju\u00e1rez, Oax., 2 de junio de 2021.- Ante definiciones pol\u00edticas de integrantes de gremios sindicales de la UABJO, el rector Eduardo Bautista Mart\u00ednez precis\u00f3 que en la Universidad \u201cnadie puede imponerse como representante de los electores ni dar l\u00ednea por qui\u00e9n votar\u201d.<\/p>\n\n\n\n<p>A trav\u00e9s de las redes sociales, dijo que ante las pr\u00f3ximas elecciones, expresa su respeto al derecho de los ciudadanos de ejercer su voto de manera individual, libre e intransferible; \u00a1respeto al voto libre!\u00bb, difundi\u00f3.<\/p>\n\n\n\n<p>Y es que, en la recta final de la campa\u00f1a electoral, surgieron incongruencias, traiciones y negaciones respecto al respaldo de trabajadores universitarios sobre los candidatos a la presidencia municipal de la capital de Oaxaca.<\/p>\n\n\n\n<p>Mientras que el ex rector Eduardo Mart\u00ednez Helmes, ofrec\u00eda su apoyo al candidato a edil Javier Villaca\u00f1a Jim\u00e9nez, de \u201cVa por Oaxaca\u201d, los integrantes del Sindicato de Trabajadores y Empleados de la universidad (STEUABJO) negaban su respaldo a pesar de lo se\u00f1alado por el aspirante, a trav\u00e9s de un comunicado.<\/p>\n\n\n\n<figure class=\"wp-block-embed-twitter wp-block-embed is-type-rich is-provider-twitter\"><div class=\"wp-block-embed__wrapper\">\n<div class=\"twitter-tweet\"><blockquote class=\"twitter-tweet\" data-lang=\"es\"><p lang=\"es\" dir=\"ltr\">Ante las pr\u00f3x elecciones, expreso mi respeto al derecho de los ciudadanos de ejercer su voto de manera individual, libre e intransferible. <br><br>En <a href=\"https:\/\/twitter.com\/UABJO?ref_src=twsrc%5Etfw\">@UABJO<\/a> nadie puede imponerse como representante  corporativo de los electores ni dar l\u00ednea por quien votar. <br><br> \u00a1Respeto al voto libre!<\/p>&mdash; Eduardo Bautista (@Bautistaeduardo) <a href=\"https:\/\/twitter.com\/Bautistaeduardo\/status\/1400168514598719491?ref_src=twsrc%5Etfw\">2 de junio de 2021<\/a><\/blockquote><\/div>\n<\/div><\/figure>\n\n\n\n<p>Mart\u00ednez Helmes realiz\u00f3 su postura de forma p\u00fablica por medio de un desplegado, a pesar que particip\u00f3 en distintas actividades proselitistas de Francisco Mart\u00ednez Neri, de Morena, en un supuesto apoyo al candidato.<\/p>\n\n\n\n<p>\u201cConsciente y responsable de mi libertad para ejercer el voto expreso que no votar\u00e9 por Francisco Mart\u00ednez y no lo har\u00e9 porque no me representa como universitario, porque no conf\u00edo en lo que dice, porque no ha hecho algo m\u00e1s que su trabajo y porque no comparto su forma de ejercer la pol\u00edtica basada en las apariencias y la conveniencia personal\u201d, manifest\u00f3.<\/p>\n\n\n\n<p>El escrito puntualiz\u00f3: \u201cCon esa libertad expreso mi confianza en que el licenciado Javier Villaca\u00f1a Jim\u00e9nez obtenga la mayor cantidad de votos y esto le permita ser el pr\u00f3ximo presidente municipal de Oaxaca de Ju\u00e1rez\u201d.<\/p>\n\n\n\n<p>LO DESECHARON<\/p>\n\n\n\n<p>Algunas versiones presum\u00edan que el ex rector buscaba un cargo como funcionario p\u00fablico, aunque en el comunicado indic\u00f3 que no tiene compromiso personal con ning\u00fan candidato, as\u00ed como \u201cno quiero ni he pedido ser funcionario cobijado por alg\u00fan partido pol\u00edtico o expresi\u00f3n de poder\u201d.<\/p>\n\n\n\n<p>Su posicionamiento fue criticado por el universitario y secretario general del Comit\u00e9 Ejecutivo Municipal de Oaxaca de Ju\u00e1rez en Morena, Ismael Cruz Gayt\u00e1n, pues Mart\u00ednez Helmes compart\u00eda la ideolog\u00eda de izquierda.<\/p>\n\n\n\n<p>\u201cLamento la difusi\u00f3n de este posicionamiento del Lic. Eduardo Mart\u00ednez Helmes, con quien por mucho tiempo nos identific\u00f3 la coincidencia en un pensamiento progresista de izquierda (\u2026) Como universitario, como pol\u00edtico y como persona vamos de frente de aqu\u00ed hasta donde este proyecto tenga que llegar\u201d, se\u00f1al\u00f3 con relaci\u00f3n a su apoyo para Mart\u00ednez Neri.<\/p>\n\n\n\n<p>RESPALDO SINDICAL<\/p>\n\n\n\n<p>Al interior del STEUABJO se origin\u00f3 inconformidad por parte de las bases contra los l\u00edderes Ariel Abelardo Luj\u00e1n P\u00e9rez y Gustavo Dar\u00edo Avenda\u00f1o Trujillo por un supuesto manifiesto a nombre del sindicato para respaldar la alianza \u201cVa por Oaxaca\u201d.<\/p>\n\n\n\n<p>Por medio de un comunicado se difundi\u00f3 que ese sindicato, como otros pertenecientes a la UABJO, anunciaron su adhesi\u00f3n y respaldo a Javier Villaca\u00f1a Jim\u00e9nez.<\/p>\n\n\n\n<p>El ex l\u00edder del STEUABJO, Rosendo Ram\u00edrez, exigi\u00f3 que los l\u00edderes ofrecieran una explicaci\u00f3n del hecho, pues no se consult\u00f3 a la asamblea general, as\u00ed como que se estar\u00eda violando los principios sindicales que se\u00f1alan la Independencia sindical del gobierno, de los patrones y de los partidos pol\u00edtico, por lo que era inv\u00e1lido presumir una postura de apoyo a cualquier candidato en nombre del STEUABJO.<\/p>\n\n\n\n<p>Horas despu\u00e9s del anuncio, Ariel Luj\u00e1n neg\u00f3 el hecho, pues sabe que para realizar un posicionamiento de este tipo se debe consultar a la asamblea, lo cual no ocurri\u00f3, por lo que sostuvo que el voto es libre y secreto.<\/p>\n","protected":false},"excerpt":{"rendered":"<p>Yuridiana Sosa\/Zona Roja. Oaxaca de Ju\u00e1rez, Oax., 2 de junio de 2021.- Ante definiciones pol\u00edticas&hellip;<\/p>\n","protected":false},"author":2,"featured_media":25872,"comment_status":"closed","ping_status":"open","sticky":false,"template":"","format":"standard","meta":{"_lmt_disableupdate":"","_lmt_disable":"","_jetpack_memberships_contains_paid_content":false,"footnotes":""},"categories":[109,46],"tags":[282],"class_list":["post-28052","post","type-post","status-publish","format-standard","has-post-thumbnail","hentry","category-minuto-a-minuto","category-zona-blanca","tag-universidad-autonoma-benito-juarez-de-oaxaca"],"jetpack_featured_media_url":"https:\/\/zonaroja.com.mx\/wp-content\/uploads\/2021\/04\/Rectoria-UABJO-1.jpg","jetpack_sharing_enabled":true,"_links":{"self":[{"href":"https:\/\/zonaroja.com.mx\/index.php?rest_route=\/wp\/v2\/posts\/28052","targetHints":{"allow":["GET"]}}],"collection":[{"href":"https:\/\/zonaroja.com.mx\/index.php?rest_route=\/wp\/v2\/posts"}],"about":[{"href":"https:\/\/zonaroja.com.mx\/index.php?rest_route=\/wp\/v2\/types\/post"}],"author":[{"embeddable":true,"href":"https:\/\/zonaroja.com.mx\/index.php?rest_route=\/wp\/v2\/users\/2"}],"replies":[{"embeddable":true,"href":"https:\/\/zonaroja.com.mx\/index.php?rest_route=%2Fwp%2Fv2%2Fcomments&post=28052"}],"version-history":[{"count":1,"href":"https:\/\/zonaroja.com.mx\/index.php?rest_route=\/wp\/v2\/posts\/28052\/revisions"}],"predecessor-version":[{"id":28053,"href":"https:\/\/zonaroja.com.mx\/index.php?rest_route=\/wp\/v2\/posts\/28052\/revisions\/28053"}],"wp:featuredmedia":[{"embeddable":true,"href":"https:\/\/zonaroja.com.mx\/index.php?rest_route=\/wp\/v2\/media\/25872"}],"wp:attachment":[{"href":"https:\/\/zonaroja.com.mx\/index.php?rest_route=%2Fwp%2Fv2%2Fmedia&parent=28052"}],"wp:term":[{"taxonomy":"category","embeddable":true,"href":"https:\/\/zonaroja.com.mx\/index.php?rest_route=%2Fwp%2Fv2%2Fcategories&post=28052"},{"taxonomy":"post_tag","embeddable":true,"href":"https:\/\/zonaroja.com.mx\/index.php?rest_route=%2Fwp%2Fv2%2Ftags&post=28052"}],"curies":[{"name":"wp","href":"https:\/\/api.w.org\/{rel}","templated":true}]}}