{"id":28054,"date":"2021-06-02T16:18:40","date_gmt":"2021-06-02T21:18:40","guid":{"rendered":"http:\/\/www.zonaroja.com.mx\/?p=28054"},"modified":"2021-06-02T16:18:56","modified_gmt":"2021-06-02T21:18:56","slug":"carcel-para-ruben-vasconcelos-grita-maria-elena-rios","status":"publish","type":"post","link":"https:\/\/zonaroja.com.mx\/?p=28054","title":{"rendered":"\u201cC\u00e1rcel para Rub\u00e9n Vasconcelos\u201d, grita Mar\u00eda Elena R\u00edos"},"content":{"rendered":"\n<p>Evlin Arag\u00f3n\/Zona Roja.<\/p>\n\n\n\n<p>Oaxaca de Ju\u00e1rez, Oax., 2 de junio de 2021.- La saxofonista oaxaque\u00f1a Mar\u00eda Elena R\u00edos Ortiz exigi\u00f3 c\u00e1rcel para el ex fiscal Rub\u00e9n Vasconcelos M\u00e9ndez, quien dijo se corrompi\u00f3 al frente de la Fiscal\u00eda General de Justicia de Oaxaca y protegi\u00f3 a los agresores de mujeres, esos mismos que diariamente incrementan la cifra de casos de feminicidios.&nbsp;<\/p>\n\n\n\n<p>\u201cEl d\u00eda de hoy nos reunimos aqu\u00ed para exigir c\u00e1rcel a este corrupto, solapador de asesinos, de feminicidas, de violentadores que cada d\u00eda en Oaxaca nos est\u00e1n matando\u201d, manifest\u00f3 en su participaci\u00f3n en la conferencia organizada para exigir justicia por Mar\u00eda del Sol Cruz Jarqu\u00edn, a tres a\u00f1os de su asesinato.&nbsp;<\/p>\n\n\n\n<p>La joven, sobreviviente de violencia feminicida, asegur\u00f3 que son cientos de oaxaque\u00f1as las que se enfrenta no s\u00f3lo a las agresiones sino a la impunidad al interior de las instituciones encargadas de procurar justicia, quienes hacen todo menos su trabajo.&nbsp;<\/p>\n\n\n\n<p>De ah\u00ed que insisti\u00f3 en la necesidad de enjuiciar a los malos funcionarios que no s\u00f3lo no cumplen con su obligaci\u00f3n, sino que tambi\u00e9n obstruyen el acceso a la justicia, a pesar de que se trata de una garant\u00eda a la que tiene derecho cualquier v\u00edctima de alg\u00fan delito.<\/p>\n\n\n\n<figure class=\"wp-block-embed-twitter wp-block-embed is-type-rich is-provider-twitter\"><div class=\"wp-block-embed__wrapper\">\n<div class=\"twitter-tweet\"><blockquote class=\"twitter-tweet\" data-lang=\"es\"><p lang=\"es\" dir=\"ltr\">\u201cMi nombre es <a href=\"https:\/\/twitter.com\/_ElenaRios?ref_src=twsrc%5Etfw\">@_ElenaRios<\/a>, soy saxofonista y comunic\u00f3loga; un tipo de cuello blanco me quiso matar porque no quise estar en esa relaci\u00f3n t\u00f3xica\u2026 Acompa\u00f1o a Sol, tenemos algo especial: la injusticia que gener\u00f3 el solapador <a href=\"https:\/\/twitter.com\/RVasconcelosM?ref_src=twsrc%5Etfw\">@RVasconcelosM<\/a>. \u00a1C\u00e1rcel a este corrupto!\u201d. <a href=\"https:\/\/t.co\/wrgE5fdPr0\">pic.twitter.com\/wrgE5fdPr0<\/a><\/p>&mdash; Zona Roja Oaxaca (@Zona_Roja_Oax) <a href=\"https:\/\/twitter.com\/Zona_Roja_Oax\/status\/1400189977443635206?ref_src=twsrc%5Etfw\">2 de junio de 2021<\/a><\/blockquote><\/div>\n<\/div><\/figure>\n\n\n\n<p>Mar\u00eda Elena aprovech\u00f3 para exhortar a la poblaci\u00f3n a que razone su voto y no respalde a violentadores y feminicidas por todos conocidos, y es que dijo en este proceso electoral -cuya votaci\u00f3n se concreta este domingo seis de junio- es momento de darle la espalda a los agresores y a quienes los solapan.&nbsp;<\/p>\n\n\n\n<p>\u201cHago un llamado a todas las personas para que, en estas elecciones, las m\u00e1s importantes y grandes de la historia tengamos un voto \u00fatil y de raz\u00f3n. No podemos permitir que, en nuestro estado, tan maravilloso y lleno de personas magn\u00edficas, gobiernen asesinos y feminicidas\u201d.&nbsp;<\/p>\n\n\n\n<p>La joven tambi\u00e9n respald\u00f3 la lucha de Soledad Jarqu\u00edn Edgar, quien desde hace tres a\u00f1os pide el esclarecimiento del asesinato de su hija Mar\u00eda del Sol y castigo a los responsables, a quien dijo acompa\u00f1ar\u00e1 hasta que las autoridades le hagan justicia.&nbsp;<\/p>\n\n\n\n<p>\u201cYo tambi\u00e9n quiero justicia, justicia para todas las mujeres. C\u00e1rcel para los funcionarios corruptos. Pido el d\u00eda de hoy que nos unamos todas y todos para pedir encarcelamiento y juicio pol\u00edtico a Rub\u00e9n Vasconcelos M\u00e9ndez\u201d, grit\u00f3.<\/p>\n\n\n\n<p>Mar\u00eda Elena R\u00edos Ortiz es sobreviviente de un ataque con \u00e1cido, hecho por el cual se detuvieron a cuatro personas, dentro de ellas el ex diputado Juan Antonio Vera Carrizal, acci\u00f3n que s\u00f3lo se consigui\u00f3 mediante la presi\u00f3n social y medi\u00e1tica ejercida.&nbsp;<\/p>\n","protected":false},"excerpt":{"rendered":"<p>Evlin Arag\u00f3n\/Zona Roja. Oaxaca de Ju\u00e1rez, Oax., 2 de junio de 2021.- La saxofonista oaxaque\u00f1a&hellip;<\/p>\n","protected":false},"author":2,"featured_media":28055,"comment_status":"closed","ping_status":"open","sticky":false,"template":"","format":"standard","meta":{"_lmt_disableupdate":"","_lmt_disable":"","_jetpack_memberships_contains_paid_content":false,"footnotes":""},"categories":[109,47],"tags":[1124],"class_list":["post-28054","post","type-post","status-publish","format-standard","has-post-thumbnail","hentry","category-minuto-a-minuto","category-zona-gris","tag-maria-elena-rios-ortiz"],"jetpack_featured_media_url":"https:\/\/zonaroja.com.mx\/wp-content\/uploads\/2021\/06\/Maria-Enela-Rios-conferencia-Sol-Jarquin.jpeg","jetpack_sharing_enabled":true,"_links":{"self":[{"href":"https:\/\/zonaroja.com.mx\/index.php?rest_route=\/wp\/v2\/posts\/28054","targetHints":{"allow":["GET"]}}],"collection":[{"href":"https:\/\/zonaroja.com.mx\/index.php?rest_route=\/wp\/v2\/posts"}],"about":[{"href":"https:\/\/zonaroja.com.mx\/index.php?rest_route=\/wp\/v2\/types\/post"}],"author":[{"embeddable":true,"href":"https:\/\/zonaroja.com.mx\/index.php?rest_route=\/wp\/v2\/users\/2"}],"replies":[{"embeddable":true,"href":"https:\/\/zonaroja.com.mx\/index.php?rest_route=%2Fwp%2Fv2%2Fcomments&post=28054"}],"version-history":[{"count":1,"href":"https:\/\/zonaroja.com.mx\/index.php?rest_route=\/wp\/v2\/posts\/28054\/revisions"}],"predecessor-version":[{"id":28056,"href":"https:\/\/zonaroja.com.mx\/index.php?rest_route=\/wp\/v2\/posts\/28054\/revisions\/28056"}],"wp:featuredmedia":[{"embeddable":true,"href":"https:\/\/zonaroja.com.mx\/index.php?rest_route=\/wp\/v2\/media\/28055"}],"wp:attachment":[{"href":"https:\/\/zonaroja.com.mx\/index.php?rest_route=%2Fwp%2Fv2%2Fmedia&parent=28054"}],"wp:term":[{"taxonomy":"category","embeddable":true,"href":"https:\/\/zonaroja.com.mx\/index.php?rest_route=%2Fwp%2Fv2%2Fcategories&post=28054"},{"taxonomy":"post_tag","embeddable":true,"href":"https:\/\/zonaroja.com.mx\/index.php?rest_route=%2Fwp%2Fv2%2Ftags&post=28054"}],"curies":[{"name":"wp","href":"https:\/\/api.w.org\/{rel}","templated":true}]}}