{"id":28063,"date":"2021-06-03T09:00:04","date_gmt":"2021-06-03T14:00:04","guid":{"rendered":"http:\/\/www.zonaroja.com.mx\/?p=28063"},"modified":"2021-06-02T22:58:38","modified_gmt":"2021-06-03T03:58:38","slug":"seccion-22-dice-no-al-regreso-a-clases-presencial-pide-consenso","status":"publish","type":"post","link":"https:\/\/zonaroja.com.mx\/?p=28063","title":{"rendered":"Secci\u00f3n 22 dice no al regreso a clases presencial; pide consenso"},"content":{"rendered":"\n<p>Evlin Arag\u00f3n\/Zona Roja.<\/p>\n\n\n\n<p>Oaxaca de Ju\u00e1rez, Oax., 3 de junio de 2021.- La dirigencia sindical de la Secci\u00f3n 22, adherida a la Coordinadora Nacional de Trabajadores de la Educaci\u00f3n, asegur\u00f3 que no regresar\u00e1n a clases presencial a partir del pr\u00f3ximo lunes 7 de junio y, por el contrario, se\u00f1al\u00f3 que dicha acci\u00f3n requiere del consenso de todas las personas involucradas en el proceso educativo.\u00a0<\/p>\n\n\n\n<p>Mediante un comunicado dirigido a las y los integrantes del Movimiento Democr\u00e1tico de Trabajadores de la Educaci\u00f3n en Oaxaca (MDTEO), explic\u00f3 que el regreso a las clases presenciales va m\u00e1s all\u00e1 de la buena intenci\u00f3n, requiere de un an\u00e1lisis responsable, serio y objetivo de las implicaciones que traer\u00eda consigo.&nbsp;<\/p>\n\n\n\n<p>De ah\u00ed que, para el gremio, ser\u00e1 solo a partir de la amplia valoraci\u00f3n y del consenso con padres y madres de familia que se definir\u00e1, de ah\u00ed que aseguraron mantendr\u00e1n las actividades a distancia y de manera virtual, cumpliendo con la responsabilidad educativa.&nbsp;<\/p>\n\n\n\n<p>En este sentido detall\u00f3 que el regreso a las actividades presenciales tendr\u00e1 que ser gradual y requerir\u00e1 de estrategias y mecanismos espec\u00edficos, que permitan la seguridad sanitaria de toda la comunidad escolar.<\/p>\n\n\n\n<p>Puntualiz\u00f3 que es obligaci\u00f3n de los gobiernos garantizar los servicios b\u00e1sicos de agua potable, sanitarios, materiales e insumos de limpieza e higiene suficientes con lo que deber\u00e1n cotar en todos los planteles educativos, por lo que no basta con hacer un llamado al regreso a las aulas.&nbsp;&nbsp;<\/p>\n\n\n\n<p>As\u00ed mismo, manifest\u00f3 que, desde la perspectiva pedag\u00f3gica resultar\u00eda contraproducente reiniciar actividades presenciales en un ambiente de incertidumbre social, ya que el proceso de vacunaci\u00f3n a\u00fan est\u00e1 en curso para cubrir el grueso de la poblaci\u00f3n; as\u00ed mismo podr\u00eda acentuar las dificultades con las que se han desarrollado los contenidos educativos durante la pandemia.&nbsp;<\/p>\n\n\n\n<p>\u201cEn todo caso y solo si realmente se generan las condiciones m\u00ednimas necesarias ser\u00eda el pr\u00f3ximo ciclo escolar 2021-2022 el que podr\u00eda reiniciarse de manera presencial, gradual, coordinado y organizado por toda la comunidad escolar mediante el consenso suficiente\u201d.<\/p>\n\n\n\n<p>Finalmente, la dirigencia sindical pidi\u00f3 a las y los integrantes del MDTEO esperar las definiciones que se generen a partir del di\u00e1logo con las autoridades estatales, al igual que con madres y padres de familia a quienes buscan consultar.&nbsp;&nbsp;<\/p>\n\n\n\n<p>Fue el pasado 28 de mayo que, el presidente de la Rep\u00fablica, Andr\u00e9s Manuel L\u00f3pez Obrador, asegur\u00f3 que a partir del lunes siete de junio, mismo que dijo ser\u00e1 voluntario y no pretende iniciar una confrontaci\u00f3n con el magisterio.&nbsp;<\/p>\n","protected":false},"excerpt":{"rendered":"<p>Evlin Arag\u00f3n\/Zona Roja. Oaxaca de Ju\u00e1rez, Oax., 3 de junio de 2021.- La dirigencia sindical&hellip;<\/p>\n","protected":false},"author":2,"featured_media":28064,"comment_status":"closed","ping_status":"open","sticky":false,"template":"","format":"standard","meta":{"_lmt_disableupdate":"","_lmt_disable":"","_jetpack_memberships_contains_paid_content":false,"footnotes":""},"categories":[109,46],"tags":[312],"class_list":["post-28063","post","type-post","status-publish","format-standard","has-post-thumbnail","hentry","category-minuto-a-minuto","category-zona-blanca","tag-seccion-22-del-snte"],"jetpack_featured_media_url":"https:\/\/zonaroja.com.mx\/wp-content\/uploads\/2021\/06\/Seccion-22-SNTE.jpg","jetpack_sharing_enabled":true,"_links":{"self":[{"href":"https:\/\/zonaroja.com.mx\/index.php?rest_route=\/wp\/v2\/posts\/28063","targetHints":{"allow":["GET"]}}],"collection":[{"href":"https:\/\/zonaroja.com.mx\/index.php?rest_route=\/wp\/v2\/posts"}],"about":[{"href":"https:\/\/zonaroja.com.mx\/index.php?rest_route=\/wp\/v2\/types\/post"}],"author":[{"embeddable":true,"href":"https:\/\/zonaroja.com.mx\/index.php?rest_route=\/wp\/v2\/users\/2"}],"replies":[{"embeddable":true,"href":"https:\/\/zonaroja.com.mx\/index.php?rest_route=%2Fwp%2Fv2%2Fcomments&post=28063"}],"version-history":[{"count":2,"href":"https:\/\/zonaroja.com.mx\/index.php?rest_route=\/wp\/v2\/posts\/28063\/revisions"}],"predecessor-version":[{"id":28083,"href":"https:\/\/zonaroja.com.mx\/index.php?rest_route=\/wp\/v2\/posts\/28063\/revisions\/28083"}],"wp:featuredmedia":[{"embeddable":true,"href":"https:\/\/zonaroja.com.mx\/index.php?rest_route=\/wp\/v2\/media\/28064"}],"wp:attachment":[{"href":"https:\/\/zonaroja.com.mx\/index.php?rest_route=%2Fwp%2Fv2%2Fmedia&parent=28063"}],"wp:term":[{"taxonomy":"category","embeddable":true,"href":"https:\/\/zonaroja.com.mx\/index.php?rest_route=%2Fwp%2Fv2%2Fcategories&post=28063"},{"taxonomy":"post_tag","embeddable":true,"href":"https:\/\/zonaroja.com.mx\/index.php?rest_route=%2Fwp%2Fv2%2Ftags&post=28063"}],"curies":[{"name":"wp","href":"https:\/\/api.w.org\/{rel}","templated":true}]}}