{"id":28066,"date":"2021-06-02T21:30:01","date_gmt":"2021-06-03T02:30:01","guid":{"rendered":"http:\/\/www.zonaroja.com.mx\/?p=28066"},"modified":"2021-06-02T21:30:05","modified_gmt":"2021-06-03T02:30:05","slug":"urgen-un-cambio-en-la-capital-y-la-mejor-opcion-es-nueva-alianza-rey-david","status":"publish","type":"post","link":"https:\/\/zonaroja.com.mx\/?p=28066","title":{"rendered":"Urgen un cambio en la capital y la mejor opci\u00f3n es Nueva Alianza: Rey David"},"content":{"rendered":"\n<p>Yuridiana Sosa\/Zona Roja.<\/p>\n\n\n\n<p>Oaxaca de Ju\u00e1rez, Oax., 2 de junio de 2021.- El candidato a edil de Oaxaca de Ju\u00e1rez por el Partido Nueva Alianza, Rey David Hern\u00e1ndez Villagrana, agradeci\u00f3 a la poblaci\u00f3n el respaldo otorgado a su proyecto de gobierno durante el periodo de campa\u00f1a, mismo que espera recibir en la jornada electoral para que la capital tenga un cambio verdadero.<\/p>\n\n\n\n<p>Manifest\u00f3 que junto con su planilla, son la mejor f\u00f3rmula para que la capital tenga un mejor rumbo, pues la ciudadan\u00eda se siente decepcionada del gobierno que prometi\u00f3 ser la esperanza y no lo logr\u00f3, as\u00ed como de quienes ya han gobernado sin demostrar progreso.<\/p>\n\n\n\n<p>A unas horas de finalizar el proceso de campa\u00f1a, llam\u00f3 a la ciudadan\u00eda a hacer realidad el cambio para la capital votando por Nueva Alianza, desde donde se construir\u00e1n las mejores y soluciones a las necesidades vitales que la misma poblaci\u00f3n manifest\u00f3 en campa\u00f1a.<\/p>\n\n\n\n<figure class=\"wp-block-embed-twitter wp-block-embed is-type-rich is-provider-twitter\"><div class=\"wp-block-embed__wrapper\">\n<div class=\"twitter-tweet\"><blockquote class=\"twitter-tweet\" data-lang=\"es\"><p lang=\"es\" dir=\"ltr\"><a href=\"https:\/\/twitter.com\/hashtag\/ENVIVO?src=hash&amp;ref_src=twsrc%5Etfw\">#ENVIVO<\/a><br>Oaxaca de Ju\u00e1rez, Oax., 2 de junio de 2021.- Entrevista a <a href=\"https:\/\/twitter.com\/ReyVillagrana?ref_src=twsrc%5Etfw\">@ReyVillagrana<\/a>, del Partido Nueva Alianza, candidato a edil de Oaxaca de Ju\u00e1rez, quien hace un balance de su campa\u00f1a pol\u00edtica. <br><br>Aqu\u00ed la transmisi\u00f3n: <br>\ud83d\udc47<a href=\"https:\/\/t.co\/7SCEPfKP4L\">https:\/\/t.co\/7SCEPfKP4L<\/a> <a href=\"https:\/\/t.co\/6k8bxzQykW\">pic.twitter.com\/6k8bxzQykW<\/a><\/p>&mdash; Zona Roja Oaxaca (@Zona_Roja_Oax) <a href=\"https:\/\/twitter.com\/Zona_Roja_Oax\/status\/1400180035236007937?ref_src=twsrc%5Etfw\">2 de junio de 2021<\/a><\/blockquote><\/div>\n<\/div><\/figure>\n\n\n\n<p>Hern\u00e1ndez Villagrana dijo que \u00e9l viene de la cultura del esfuerzo, del trabajo social, de vivir las mismas problem\u00e1ticas del resto de la ciudadan\u00eda, por lo que entiende y comprende de los problemas.<\/p>\n\n\n\n<p>Por eso, destac\u00f3, es la persona id\u00f3nea para gobernar la capital, pues Oaxaca necesita de alguien \u201cque venga de abajo\u201d.<\/p>\n\n\n\n<p>El candidato consider\u00f3 que los comicios se desarrollar\u00e1n de forma ordenada en la capital, pues el proceso de campa\u00f1a se realiz\u00f3 con civilidad, por lo que exhort\u00f3 al electorado salir a votar sin temor, pero bajo las medidas necesarias por la contingencia sanitaria.<\/p>\n","protected":false},"excerpt":{"rendered":"<p>Yuridiana Sosa\/Zona Roja. Oaxaca de Ju\u00e1rez, Oax., 2 de junio de 2021.- El candidato a&hellip;<\/p>\n","protected":false},"author":2,"featured_media":28067,"comment_status":"closed","ping_status":"open","sticky":false,"template":"","format":"standard","meta":{"_lmt_disableupdate":"","_lmt_disable":"","_jetpack_memberships_contains_paid_content":false,"footnotes":""},"categories":[109,46],"tags":[2691],"class_list":["post-28066","post","type-post","status-publish","format-standard","has-post-thumbnail","hentry","category-minuto-a-minuto","category-zona-blanca","tag-rey-david-villagrana"],"jetpack_featured_media_url":"https:\/\/zonaroja.com.mx\/wp-content\/uploads\/2021\/06\/Rey-David-Hernandez-Villagrana.jpg","jetpack_sharing_enabled":true,"_links":{"self":[{"href":"https:\/\/zonaroja.com.mx\/index.php?rest_route=\/wp\/v2\/posts\/28066","targetHints":{"allow":["GET"]}}],"collection":[{"href":"https:\/\/zonaroja.com.mx\/index.php?rest_route=\/wp\/v2\/posts"}],"about":[{"href":"https:\/\/zonaroja.com.mx\/index.php?rest_route=\/wp\/v2\/types\/post"}],"author":[{"embeddable":true,"href":"https:\/\/zonaroja.com.mx\/index.php?rest_route=\/wp\/v2\/users\/2"}],"replies":[{"embeddable":true,"href":"https:\/\/zonaroja.com.mx\/index.php?rest_route=%2Fwp%2Fv2%2Fcomments&post=28066"}],"version-history":[{"count":1,"href":"https:\/\/zonaroja.com.mx\/index.php?rest_route=\/wp\/v2\/posts\/28066\/revisions"}],"predecessor-version":[{"id":28068,"href":"https:\/\/zonaroja.com.mx\/index.php?rest_route=\/wp\/v2\/posts\/28066\/revisions\/28068"}],"wp:featuredmedia":[{"embeddable":true,"href":"https:\/\/zonaroja.com.mx\/index.php?rest_route=\/wp\/v2\/media\/28067"}],"wp:attachment":[{"href":"https:\/\/zonaroja.com.mx\/index.php?rest_route=%2Fwp%2Fv2%2Fmedia&parent=28066"}],"wp:term":[{"taxonomy":"category","embeddable":true,"href":"https:\/\/zonaroja.com.mx\/index.php?rest_route=%2Fwp%2Fv2%2Fcategories&post=28066"},{"taxonomy":"post_tag","embeddable":true,"href":"https:\/\/zonaroja.com.mx\/index.php?rest_route=%2Fwp%2Fv2%2Ftags&post=28066"}],"curies":[{"name":"wp","href":"https:\/\/api.w.org\/{rel}","templated":true}]}}