{"id":2807,"date":"2019-08-04T10:06:05","date_gmt":"2019-08-04T15:06:05","guid":{"rendered":"http:\/\/www.zonaroja.com.mx\/?p=2807"},"modified":"2019-08-04T07:10:12","modified_gmt":"2019-08-04T12:10:12","slug":"van-13-periodistas-asesinados-en-mexico-este-ano-uno-de-oaxaca","status":"publish","type":"post","link":"https:\/\/zonaroja.com.mx\/?p=2807","title":{"rendered":"Van 13 periodistas asesinados en M\u00e9xico este a\u00f1o; uno de Oaxaca"},"content":{"rendered":"\n<p>Redacci\u00f3n\/Zona\nRoja.<\/p>\n\n\n\n<p>Ciudad de\nM\u00e9xico.- En siete meses de los ocho del gobierno del Presidente Andr\u00e9s Manuel\nL\u00f3pez Obrador, suman 13 periodistas asesinados durante este a\u00f1o; lo que\nrepresenta casi dos casos por mes. <\/p>\n\n\n\n<p>Seg\u00fan la\nComisi\u00f3n Nacional de Derechos Humanos, desde el a\u00f1o 2000 a la fecha, van 152\ncomunicadores ultimados. Veracruz ocupa el primer lugar nacional con 23 casos;\nen segundo Guerrero con 17 y en tercer sitio Oaxaca con 16. Le siguen\nTamaulipas con 16 y Chihuahua con 14.<\/p>\n\n\n\n<p>Este viernes\nfue ultimado a balazos Jorge Ruiz V\u00e1zquez, reportero del diario \u201cGr\u00e1fico de\nXalapa\u201d, cometido en el estado de Veracruz.<\/p>\n\n\n\n<p>De acuerdo con un recuento elaborad por el peri\u00f3dico \u201cLa Jornada\u201d, durante 2018 hubo 12 casos, por lo que la cifra de los primeros siete meses de 2019 ya super\u00f3 a la registrada en todo el a\u00f1o anterior. <\/p>\n\n\n\n<figure class=\"wp-block-embed-twitter wp-block-embed is-type-rich is-provider-twitter\"><div class=\"wp-block-embed__wrapper\">\n<div class=\"twitter-tweet\"><blockquote class=\"twitter-tweet\" data-lang=\"es\"><p lang=\"es\" dir=\"ltr\">Con el homicidio de Celestino Ruiz suman ya 152 periodistas asesinados desde el a\u00f1o 2000.<br><br>\u2022 Veracruz &#8211; 23<br>\u2022 Guerrero &#8211; 17<br>\u2022 Oaxaca &#8211; 16<br>\u2022 Tamaulipas &#8211; 16<br>\u2022 Chihuahua &#8211; 14<br><br>Personal de CNDH ya se encuentra en Veracruz para realizar las primeras diligencias.<\/p>&mdash; CNDH en M\u00e9xico (@CNDH) <a href=\"https:\/\/twitter.com\/CNDH\/status\/1157749696301031430?ref_src=twsrc%5Etfw\">3 de agosto de 2019<\/a><\/blockquote><\/div>\n<\/div><\/figure>\n\n\n\n<p>De los 13\ncr\u00edmenes perpetrados durante 2019, las v\u00edctimas eran de los estados de Baja\nCalifornia, Tabasco, Sonora, en dos casos; Morelos, Sinaloa, Quintana Roo,\nOaxaca, Tabasco, Tamaulipas, Guerrero, en dos casos y Veracruz.<\/p>\n\n\n\n<p>El viernes 2\nde agosto tambi\u00e9n fue ejecutado \u00c9dgar Alberto Nava L\u00f3pez, quien administraba la\np\u00e1gina de Facebook \u201cLa Verdad de Zihuatanejo\u201d \u2013dedicada a difundir noticias\u2013 y\nquien tambi\u00e9n se desempe\u00f1aba como director de Reglamentos y Espect\u00e1culos de ese\nmunicipio guerrerense.<\/p>\n\n\n\n<p>El 30 de\njulio, en un veh\u00edculo abandonado en Zacatepec, Morelos, fue hallado el cuerpo\nde Rogelio Barrag\u00e1n, director del portal digital de noticias \u201cGuerrero al\nInstante\u201d, maniatado y con huellas de tortura.<\/p>\n\n\n\n<p>El 23 de\njunio, luego de ser v\u00edctima de un ataque en el que recibi\u00f3 impactos de bala de\nalto calibre, falleci\u00f3 Juan Escamilla Bautista, jefe de talleres del peri\u00f3dico \u201cEl\nExpreso\u201d de Ciudad Victoria.<\/p>\n\n\n\n<p>El 11 de\njunio, Norma Sarabia, corresponsal del diario \u201cTabasco Hoy\u201d en el municipio de\nHuimanguillo, fue asesinada a balazos fuera de su domicilio. Cubr\u00eda la fuente\nde seguridad p\u00fablica.<\/p>\n\n\n\n<p>El 2 de mayo\nfue ultimado a tiros Tel\u00e9sforo Santiago Enr\u00edquez, fundador y comunicador de la\nradio comunitaria 98.7 FM \u201cEl Cafetal\u201d, ubicada en el municipio de San Agust\u00edn\nLoxicha, en la sierra sur de Oaxaca.<\/p>\n\n\n\n<p>El 16 de\nmayo, el reportero policiaco y titular del portal digital \u201cOcurri\u00f3 Aqu\u00ed\u201d,\nFrancisco Romero D\u00edaz, fue ultimado en Playa del Carmen, municipio de\nSolidaridad, Quintana Roo. El 24 de marzo el periodista deportivo Omar Iv\u00e1n\nCamacho, colaborador del medio radiof\u00f3nico \u201cNoticieros Altavoz\u201d, fue asesinado\na golpes y su cad\u00e1ver encontrado en la comunidad La Escalera, municipio de\nSalvador Alvarado, en el norte de Sinaloa.<\/p>\n\n\n\n<p>El 15 de marzo, Santiago Barroso Alfaro, director del noticiario Buenos d\u00edas San Luis, que transmite la estaci\u00f3n de radio \u201cR\u00edo Digital\u201d, en la frecuencia de 91.1 FM, fue ultimado en la ciudad fronteriza de San Luis R\u00edo Colorado.<\/p>\n\n\n\n<figure class=\"wp-block-embed-twitter wp-block-embed is-type-rich is-provider-twitter\"><div class=\"wp-block-embed__wrapper\">\n<div class=\"twitter-tweet\"><blockquote class=\"twitter-tweet\" data-lang=\"es\"><p lang=\"es\" dir=\"ltr\">Es urgente dar con los responsables de estos cr\u00edmenes, abatir la impunidad y generar condiciones de seguridad y libertad para periodistas y medios.<br><br>La CNDH estar\u00e1 atenta al desarrollo de las investigaciones y emitir\u00e1 en su momento los pronunciamientos que correspondan.<\/p>&mdash; CNDH en M\u00e9xico (@CNDH) <a href=\"https:\/\/twitter.com\/CNDH\/status\/1157749701644619777?ref_src=twsrc%5Etfw\">3 de agosto de 2019<\/a><\/blockquote><\/div>\n<\/div><\/figure>\n\n\n\n<p>El 20 de\nfebrero fue ejecutado el activista y comunicador Samir Flores Soberanes,\nfundador de la estaci\u00f3n comunitaria \u201cRadio Amiltzinko\u201d, en Amilcingo, municipio\nde Temoac, Morelos, y opositor a la termoel\u00e9ctrica en Huexca y el Proyecto\nIntegral Morelos.<\/p>\n\n\n\n<p>El 16 de\nfebrero, Reynaldo L\u00f3pez, locutor de Grupo Larsa, fue asesinado por un grupo de\nsujetos armados la tarde del s\u00e1bado en Hermosillo, Sonora. Su acompa\u00f1ante,\nCarlos Cota, ex periodista deportivo de Televisa-Sonora, result\u00f3 herido.<\/p>\n\n\n\n<p>El 9 de\nfebrero fue ultimado a tiros el locutor Jes\u00fas Eugenio Ramos Rodr\u00edguez, quien\nconduc\u00eda el noticiario \u201cNuestra regi\u00f3n hoy\u201d, mientras desayunaba en el\nrestaurante de un hotel ubicado en el municipio de Emiliano Zapata, Tabasco.<\/p>\n\n\n\n<p>El 21 de\nenero, el periodista Rafael Mur\u00faa Manr\u00edquez, fundador y director de la primera\nradio comunitaria de Baja California Sur, \u201cRadio Kashana\u201d, fue privado de la\nvida y su cuerpo encontrado en el municipio de Muleg\u00e9, en el norte de la\nentidad. Fue el primer comunicador ultimado en el a\u00f1o.<\/p>\n","protected":false},"excerpt":{"rendered":"<p>Redacci\u00f3n\/Zona Roja. Ciudad de M\u00e9xico.- En siete meses de los ocho del gobierno del Presidente&hellip;<\/p>\n","protected":false},"author":2,"featured_media":2808,"comment_status":"closed","ping_status":"open","sticky":false,"template":"","format":"standard","meta":{"_lmt_disableupdate":"","_lmt_disable":"","_jetpack_memberships_contains_paid_content":false,"footnotes":""},"categories":[47],"tags":[472],"class_list":["post-2807","post","type-post","status-publish","format-standard","has-post-thumbnail","hentry","category-zona-gris","tag-asesinatos-de-periodistas-en-mexico"],"jetpack_featured_media_url":"https:\/\/zonaroja.com.mx\/wp-content\/uploads\/2019\/08\/prensa-3.png","jetpack_sharing_enabled":true,"_links":{"self":[{"href":"https:\/\/zonaroja.com.mx\/index.php?rest_route=\/wp\/v2\/posts\/2807","targetHints":{"allow":["GET"]}}],"collection":[{"href":"https:\/\/zonaroja.com.mx\/index.php?rest_route=\/wp\/v2\/posts"}],"about":[{"href":"https:\/\/zonaroja.com.mx\/index.php?rest_route=\/wp\/v2\/types\/post"}],"author":[{"embeddable":true,"href":"https:\/\/zonaroja.com.mx\/index.php?rest_route=\/wp\/v2\/users\/2"}],"replies":[{"embeddable":true,"href":"https:\/\/zonaroja.com.mx\/index.php?rest_route=%2Fwp%2Fv2%2Fcomments&post=2807"}],"version-history":[{"count":1,"href":"https:\/\/zonaroja.com.mx\/index.php?rest_route=\/wp\/v2\/posts\/2807\/revisions"}],"predecessor-version":[{"id":2809,"href":"https:\/\/zonaroja.com.mx\/index.php?rest_route=\/wp\/v2\/posts\/2807\/revisions\/2809"}],"wp:featuredmedia":[{"embeddable":true,"href":"https:\/\/zonaroja.com.mx\/index.php?rest_route=\/wp\/v2\/media\/2808"}],"wp:attachment":[{"href":"https:\/\/zonaroja.com.mx\/index.php?rest_route=%2Fwp%2Fv2%2Fmedia&parent=2807"}],"wp:term":[{"taxonomy":"category","embeddable":true,"href":"https:\/\/zonaroja.com.mx\/index.php?rest_route=%2Fwp%2Fv2%2Fcategories&post=2807"},{"taxonomy":"post_tag","embeddable":true,"href":"https:\/\/zonaroja.com.mx\/index.php?rest_route=%2Fwp%2Fv2%2Ftags&post=2807"}],"curies":[{"name":"wp","href":"https:\/\/api.w.org\/{rel}","templated":true}]}}