{"id":28070,"date":"2021-06-02T21:52:22","date_gmt":"2021-06-03T02:52:22","guid":{"rendered":"http:\/\/www.zonaroja.com.mx\/?p=28070"},"modified":"2021-06-02T21:59:24","modified_gmt":"2021-06-03T02:59:24","slug":"hartazgo-en-xoxocotlan-a-gobiernos-de-los-lopez-llevara-a-fuerza-por-mexico-al-triunfo","status":"publish","type":"post","link":"https:\/\/zonaroja.com.mx\/?p=28070","title":{"rendered":"Hartazgo en Xoxocotl\u00e1n a gobiernos de los \u201cL\u00f3pez\u201d llevar\u00e1 a Fuerza por M\u00e9xico al triunfo"},"content":{"rendered":"\n<p>Yuridiana Sosa\/Zona Roja.<\/p>\n\n\n\n<p>Oaxaca de Ju\u00e1rez, Oax., 2 de junio de 2021.- El candidato a la presidencia municipal de Santa Cruz Xoxocotl\u00e1n, del Partido Fuerza por M\u00e9xico, Inocente Castellanos Flores, manifest\u00f3 el s\u00f3lido respaldo que ha tenido de la poblaci\u00f3n hacia su proyecto pol\u00edtico, el cual se basa en propuestas de soluci\u00f3n a los problemas no atendidos o acrecentados en los \u00faltimos cuatro a\u00f1os.<\/p>\n\n\n\n<p>Previo a su cierre de campa\u00f1a, el aspirante se\u00f1al\u00f3 que en colonias y agencias ha escuchado el hartazgo que existe hacia los gobiernos que incumplen, como lo han sido las \u00faltimas dos gestiones de Alejandro L\u00f3pez Jarqu\u00edn por el PRD, pero ahora su esposa Tania L\u00f3pez busca la presidencia por Morena.<\/p>\n\n\n\n<p>\u201cChente\u201d Castellanos asegur\u00f3 que en Xoxocotl\u00e1n no hay nada, con relaci\u00f3n a obras p\u00fablicas de impacto para la poblaci\u00f3n ejercidas en los \u00faltimos a\u00f1os, de acuerdo a las mismas expresiones de la ciudadan\u00eda.<\/p>\n\n\n\n<p>CAMPA\u00d1A DISPAREJA<\/p>\n\n\n\n<p>El equipo de Fuerza por M\u00e9xico desarroll\u00f3 la campa\u00f1a en medio de obst\u00e1culos por parte del ayuntamiento actual, indic\u00f3 el candidato en conferencia de prensa.<\/p>\n\n\n\n<p>Mientras que a ellos les negaron espacios p\u00fablicos para actividades proselitistas, el gobierno municipal destin\u00f3 recursos humanos, mobiliario, transportes, entre otros factores, a favor de la candidata de Morena.<\/p>\n\n\n\n<figure class=\"wp-block-embed-twitter wp-block-embed is-type-rich is-provider-twitter\"><div class=\"wp-block-embed__wrapper\">\n<div class=\"twitter-tweet\"><blockquote class=\"twitter-tweet\" data-lang=\"es\"><p lang=\"es\" dir=\"ltr\"><a href=\"https:\/\/twitter.com\/hashtag\/ENVIVO?src=hash&amp;ref_src=twsrc%5Etfw\">#ENVIVO<\/a><br>Santa Cruz Xoxocotl\u00e1n, Oax., 2 de junio de 2021.- Conferencia de prensa del candidato a edil de Xoxocotl\u00e1n, de Fuerza por M\u00e9xico, \u201cChente\u201d Castellanos (<a href=\"https:\/\/twitter.com\/DrCCastellanos?ref_src=twsrc%5Etfw\">@DrCCastellanos<\/a>). <br><br>Siga aqu\u00ed la transmisi\u00f3n: \ud83d\udc47<a href=\"https:\/\/t.co\/LgyOurNunu\">https:\/\/t.co\/LgyOurNunu<\/a> <a href=\"https:\/\/t.co\/jaRmpozm2H\">pic.twitter.com\/jaRmpozm2H<\/a><\/p>&mdash; Zona Roja Oaxaca (@Zona_Roja_Oax) <a href=\"https:\/\/twitter.com\/Zona_Roja_Oax\/status\/1400117096370016258?ref_src=twsrc%5Etfw\">2 de junio de 2021<\/a><\/blockquote><\/div>\n<\/div><\/figure>\n\n\n\n<p>Situaci\u00f3n que tambi\u00e9n fue observada por la comunidad y que sirvi\u00f3 para refrendar el apoyo a Fuerza por M\u00e9xico para acabar con el monopolio en el ayuntamiento.<\/p>\n\n\n\n<p>La planilla de Fuerza por M\u00e9xico, asegur\u00f3, est\u00e1 integrada por ciudadanos que no han ocupado un cargo p\u00fablico y son oriundos de su poblaci\u00f3n.<\/p>\n\n\n\n<p>SUMA DE ESFUERZOS<\/p>\n\n\n\n<p>Inocente Castellanos llam\u00f3 a los aspirantes de los partidos Unidad Popular (PUP), Nueva Alianza (PNA), del Trabajo PT) y Encuentro Solidario (PES) a sumarse a Fuerza por M\u00e9xico para lograr un triunfo contundente.<\/p>\n\n\n\n<p>As\u00ed tambi\u00e9n exhort\u00f3 a las fuerzas pol\u00edticas a mantenerse vigilantes en el proceso electoral del domingo para que las elecciones sean ordenadas y en paz a favor de la poblaci\u00f3n.<\/p>\n\n\n\n<p>Pero tambi\u00e9n consider\u00f3 fundamental el apoyo de la Polic\u00eda Estatal y Guardia Nacional para garantizar comicios sin disturbios.<\/p>\n","protected":false},"excerpt":{"rendered":"<p>Yuridiana Sosa\/Zona Roja. Oaxaca de Ju\u00e1rez, Oax., 2 de junio de 2021.- El candidato a&hellip;<\/p>\n","protected":false},"author":2,"featured_media":28071,"comment_status":"closed","ping_status":"open","sticky":false,"template":"","format":"standard","meta":{"_lmt_disableupdate":"","_lmt_disable":"","_jetpack_memberships_contains_paid_content":false,"footnotes":""},"categories":[109,46],"tags":[2724],"class_list":["post-28070","post","type-post","status-publish","format-standard","has-post-thumbnail","hentry","category-minuto-a-minuto","category-zona-blanca","tag-inocente-castellanos-flores"],"jetpack_featured_media_url":"https:\/\/zonaroja.com.mx\/wp-content\/uploads\/2021\/06\/Inocente-Castellanos.jpg","jetpack_sharing_enabled":true,"_links":{"self":[{"href":"https:\/\/zonaroja.com.mx\/index.php?rest_route=\/wp\/v2\/posts\/28070","targetHints":{"allow":["GET"]}}],"collection":[{"href":"https:\/\/zonaroja.com.mx\/index.php?rest_route=\/wp\/v2\/posts"}],"about":[{"href":"https:\/\/zonaroja.com.mx\/index.php?rest_route=\/wp\/v2\/types\/post"}],"author":[{"embeddable":true,"href":"https:\/\/zonaroja.com.mx\/index.php?rest_route=\/wp\/v2\/users\/2"}],"replies":[{"embeddable":true,"href":"https:\/\/zonaroja.com.mx\/index.php?rest_route=%2Fwp%2Fv2%2Fcomments&post=28070"}],"version-history":[{"count":2,"href":"https:\/\/zonaroja.com.mx\/index.php?rest_route=\/wp\/v2\/posts\/28070\/revisions"}],"predecessor-version":[{"id":28073,"href":"https:\/\/zonaroja.com.mx\/index.php?rest_route=\/wp\/v2\/posts\/28070\/revisions\/28073"}],"wp:featuredmedia":[{"embeddable":true,"href":"https:\/\/zonaroja.com.mx\/index.php?rest_route=\/wp\/v2\/media\/28071"}],"wp:attachment":[{"href":"https:\/\/zonaroja.com.mx\/index.php?rest_route=%2Fwp%2Fv2%2Fmedia&parent=28070"}],"wp:term":[{"taxonomy":"category","embeddable":true,"href":"https:\/\/zonaroja.com.mx\/index.php?rest_route=%2Fwp%2Fv2%2Fcategories&post=28070"},{"taxonomy":"post_tag","embeddable":true,"href":"https:\/\/zonaroja.com.mx\/index.php?rest_route=%2Fwp%2Fv2%2Ftags&post=28070"}],"curies":[{"name":"wp","href":"https:\/\/api.w.org\/{rel}","templated":true}]}}