{"id":28074,"date":"2021-06-02T22:38:30","date_gmt":"2021-06-03T03:38:30","guid":{"rendered":"http:\/\/www.zonaroja.com.mx\/?p=28074"},"modified":"2021-06-02T22:38:35","modified_gmt":"2021-06-03T03:38:35","slug":"gobernare-con-el-profundo-amor-que-le-tengo-a-oaxaca-ruiz-olmedo","status":"publish","type":"post","link":"https:\/\/zonaroja.com.mx\/?p=28074","title":{"rendered":"Gobernar\u00e9 con el profundo amor que le tengo a Oaxaca: Ruiz Olmedo"},"content":{"rendered":"\n<p>Redacci\u00f3n\/Zona Roja.<\/p>\n\n\n\n<p>Oaxaca de Ju\u00e1rez, Oax., a 2 de junio de 2021.- En un emotivo mensaje, Jes\u00fas Ruiz Olmedo, candidato a la presidencia municipal de Oaxaca de Ju\u00e1rez por el partido Fuerza por M\u00e9xico, se\u00f1al\u00f3 que es necesario que la sociedad salga el domingo 6 de junio a elegir el gobierno que merece, que reflexione su voto y piense en quien es la persona que puede transformar Oaxaca.<\/p>\n\n\n\n<p>En el emblem\u00e1tico kard\u00edn \u201cEl Pa\u00f1uelito\u201d, ante cientos de ciudadanos Ruiz Olmedo se\u00f1al\u00f3 que encabeza un proyecto ciudadano, que representa la \u00fanica opci\u00f3n viable para un cambio en la ciudad capital alejado de la corrupci\u00f3n de los partidos corruptos de siempre.<\/p>\n\n\n\n<p>Mencion\u00f3 que en esta campa\u00f1a electoral se&nbsp; ha evidenciado la compra de conciencias por ciertos actores pol\u00edticos, pero hizo un llamado a la ciudadan\u00eda a pensar el futuro que quieren para ellos y para sus hijos, y les pidi\u00f3 que agarraran cualquier cosa pero que al final votar\u00e1n rosa.<\/p>\n\n\n\n<p>Jes\u00fas Ruiz Olmedo se\u00f1al\u00f3 que su propuesta para transformar Oaxaca est\u00e1 basada en siete ejes: un gobierno honesto, transparente y sensible;\u00a0 una ciudad sustentable y preservaci\u00f3n del agua; una capital segura;\u00a0 desarrollo econ\u00f3mico;\u00a0 mejoramiento urbano; capital art\u00edstica cultural y deportiva; y una capital incluyente.<\/p>\n\n\n\n<figure class=\"wp-block-embed-twitter wp-block-embed is-type-rich is-provider-twitter\"><div class=\"wp-block-embed__wrapper\">\n<div class=\"twitter-tweet\"><blockquote class=\"twitter-tweet\" data-lang=\"es\"><p lang=\"es\" dir=\"ltr\"><a href=\"https:\/\/twitter.com\/hashtag\/ENVIVO?src=hash&amp;ref_src=twsrc%5Etfw\">#ENVIVO<\/a><br>Oaxaca de Ju\u00e1rez, Oax., 2 de junio de 2021.- Cierre de campa\u00f1a de <a href=\"https:\/\/twitter.com\/ruizolmedojesus?ref_src=twsrc%5Etfw\">@ruizolmedojesus<\/a> candidato del Partido Fuerza por M\u00e9xico, a la presidencia municipal de Oaxaca de Ju\u00e1rez.<br>Aqu\u00ed la transmisi\u00f3n de su mensaje: <br>\ud83d\udc47<a href=\"https:\/\/t.co\/AGZT6pbUDB\">https:\/\/t.co\/AGZT6pbUDB<\/a> <a href=\"https:\/\/t.co\/DuYeGXqVm9\">pic.twitter.com\/DuYeGXqVm9<\/a><\/p>&mdash; Zona Roja Oaxaca (@Zona_Roja_Oax) <a href=\"https:\/\/twitter.com\/Zona_Roja_Oax\/status\/1400236683732434952?ref_src=twsrc%5Etfw\">2 de junio de 2021<\/a><\/blockquote><\/div>\n<\/div><\/figure>\n\n\n\n<p>El candidato de Fuerza por M\u00e9xico asever\u00f3 que en el proyecto que su planilla est\u00e1 conformada por&nbsp; ciudadanos comprometidos con su entorno, gente honesta sensible, trabajadora que conoce la problem\u00e1tica de cada uno de los sectores que representan,&nbsp; con el \u00fanico inter\u00e9s de servir al municipio de Oaxaca de Ju\u00e1rez.<\/p>\n\n\n\n<p>Enfatiz\u00f3 que solo alguien&nbsp; emanado del pueblo, que conoce la realidad social y con vocaci\u00f3n de servicio puede entender al pueblo y trabajar en hacer realidad un verdadera transformaci\u00f3n de las condiciones de vida de todos y todas.<\/p>\n\n\n\n<p>Ruiz Olmedo invit\u00f3 a toda la ciudadan\u00eda que est\u00e1 harta y enojada con el PRI, PAN y PRD y decepcionada del gobierno de Morena en la capital a que se sume a su proyecto y ejerza el voto \u00fatil.<\/p>\n\n\n\n<p>Finalmente agradeci\u00f3 a todos los hombres y mujeres que le abrieron la puerta de sus domicilios y escucharon sus propuestas, as\u00ed tambi\u00e9n agradeci\u00f3 a todo su equipo que lo apoyo para hacer llegar sus propuestas a la ciudan\u00eda y asegur\u00f3 que el 6 de junio saldr\u00e1 triunfador.<\/p>\n","protected":false},"excerpt":{"rendered":"<p>Redacci\u00f3n\/Zona Roja. Oaxaca de Ju\u00e1rez, Oax., a 2 de junio de 2021.- En un emotivo&hellip;<\/p>\n","protected":false},"author":2,"featured_media":28075,"comment_status":"closed","ping_status":"open","sticky":false,"template":"","format":"standard","meta":{"_lmt_disableupdate":"","_lmt_disable":"","_jetpack_memberships_contains_paid_content":false,"footnotes":""},"categories":[109,46],"tags":[2654],"class_list":["post-28074","post","type-post","status-publish","format-standard","has-post-thumbnail","hentry","category-minuto-a-minuto","category-zona-blanca","tag-jesus-ruiz-olmedo"],"jetpack_featured_media_url":"https:\/\/zonaroja.com.mx\/wp-content\/uploads\/2021\/06\/Jesus-Ruiz-Olmedo-1.jpg","jetpack_sharing_enabled":true,"_links":{"self":[{"href":"https:\/\/zonaroja.com.mx\/index.php?rest_route=\/wp\/v2\/posts\/28074","targetHints":{"allow":["GET"]}}],"collection":[{"href":"https:\/\/zonaroja.com.mx\/index.php?rest_route=\/wp\/v2\/posts"}],"about":[{"href":"https:\/\/zonaroja.com.mx\/index.php?rest_route=\/wp\/v2\/types\/post"}],"author":[{"embeddable":true,"href":"https:\/\/zonaroja.com.mx\/index.php?rest_route=\/wp\/v2\/users\/2"}],"replies":[{"embeddable":true,"href":"https:\/\/zonaroja.com.mx\/index.php?rest_route=%2Fwp%2Fv2%2Fcomments&post=28074"}],"version-history":[{"count":1,"href":"https:\/\/zonaroja.com.mx\/index.php?rest_route=\/wp\/v2\/posts\/28074\/revisions"}],"predecessor-version":[{"id":28076,"href":"https:\/\/zonaroja.com.mx\/index.php?rest_route=\/wp\/v2\/posts\/28074\/revisions\/28076"}],"wp:featuredmedia":[{"embeddable":true,"href":"https:\/\/zonaroja.com.mx\/index.php?rest_route=\/wp\/v2\/media\/28075"}],"wp:attachment":[{"href":"https:\/\/zonaroja.com.mx\/index.php?rest_route=%2Fwp%2Fv2%2Fmedia&parent=28074"}],"wp:term":[{"taxonomy":"category","embeddable":true,"href":"https:\/\/zonaroja.com.mx\/index.php?rest_route=%2Fwp%2Fv2%2Fcategories&post=28074"},{"taxonomy":"post_tag","embeddable":true,"href":"https:\/\/zonaroja.com.mx\/index.php?rest_route=%2Fwp%2Fv2%2Ftags&post=28074"}],"curies":[{"name":"wp","href":"https:\/\/api.w.org\/{rel}","templated":true}]}}