{"id":28077,"date":"2021-06-02T22:44:10","date_gmt":"2021-06-03T03:44:10","guid":{"rendered":"http:\/\/www.zonaroja.com.mx\/?p=28077"},"modified":"2021-06-02T22:44:14","modified_gmt":"2021-06-03T03:44:14","slug":"pide-horacio-sosa-a-murat-sacar-las-manos-del-proceso-electoral","status":"publish","type":"post","link":"https:\/\/zonaroja.com.mx\/?p=28077","title":{"rendered":"Pide Horacio Sosa a Murat sacar las manos del proceso electoral"},"content":{"rendered":"\n<p>Redacci\u00f3n\/Zona Roja.<\/p>\n\n\n\n<p>Oaxaca de Ju\u00e1rez, Oax., 2 de junio de 2021.- Horacio Sosa Villavicencio, candidato a la diputaci\u00f3n local por el distrito XVI, con cabecera en Zimatl\u00e1n, solicit\u00f3 al gobernador Alejandro Murat Hinojosa \u201csacar las manos del proceso electoral\u201d.<\/p>\n\n\n\n<p>Al tiempo de condenar que, en plena veda, el Ejecutivo estatal insista en hacer campa\u00f1a con la entrega de d\u00e1divas con recursos del estado, para la compra de votos a favor de las y los candidatos afines a su partido.<\/p>\n\n\n\n<p>\u201cHoy vemos que ya est\u00e1n fluyendo la entrega de l\u00e1minas, de pollitos, por eso desde Ocotl\u00e1n de Morelos, le advertimos al gobernador que Morena va a volver a ganar, y va a acabar con la corrupci\u00f3n que tanto da\u00f1o le ha hecho a Oaxaca\u201d, asent\u00f3 el candidato morenista.<\/p>\n\n\n\n<p>Lo anterior, durante el segundo evento masivo del cierre de su campa\u00f1a pol\u00edtica, que tuvo lugar en la explanada de las instalaciones del municipio de Ocotl\u00e1n de Morelos, sitio en el que tambi\u00e9n concluy\u00f3 su campa\u00f1a proselitista, Jos\u00e9 Gonz\u00e1lez Ju\u00e1rez, candidato a la presidencia municipal.<\/p>\n\n\n\n<p>Al hacer uso de la voz, Horacio Sosa Villavicencio, indic\u00f3 que legislar\u00e1 para mejorar las condiciones de vida de los 39 municipios del distrito XVI, con proyectos en favor del medio ambiente y desarrollo para el campo.<\/p>\n\n\n\n<p>Agradeci\u00f3 el apoyo de hombres y mujeres, quienes lo acompa\u00f1an en la lucha por defender la esperanza para Oaxaca, y refrend\u00f3 su compromiso de trabajar en la construcci\u00f3n de una nueva patria, m\u00e1s justa y mejor para todas y todos.<\/p>\n\n\n\n<p>\u201cEstamos aqu\u00ed porque esos a\u00f1os en los que gobern\u00f3 el PRIAN, ya no los queremos volver a vivir.&nbsp; Con la llegada de \u00abya sabes qui\u00e9n\u201d termin\u00f3 una \u00e9poca oscura, y emergi\u00f3 una nueva era de responsabilidad y reconciliaci\u00f3n, progreso y respeto\u201d, expres\u00f3 el aspirante a la diputaci\u00f3n local.<\/p>\n\n\n\n<p>\u00a0Llam\u00f3 a las mujeres y hombres a salir a votar \u201ctres de tres por Morena\u201d el pr\u00f3ximo 6 de junio, y as\u00ed evitar que m\u00e1s pol\u00edticos corruptos lleguen al poder y a saquear al pa\u00eds.<\/p>\n\n\n\n<figure class=\"wp-block-embed-twitter wp-block-embed is-type-rich is-provider-twitter\"><div class=\"wp-block-embed__wrapper\">\n<div class=\"twitter-tweet\"><blockquote class=\"twitter-tweet\" data-lang=\"es\"><p lang=\"es\" dir=\"ltr\">\ud83e\udd1dMuchas gracias Ocotl\u00e1n de Morelos<br><br>Desde esta tierra le decimos a <a href=\"https:\/\/twitter.com\/alejandromurat?ref_src=twsrc%5Etfw\">@alejandromurat<\/a> que saque las manos del proceso electoral y que respete la voluntad del pueblo. <br>Este 6 de junio <a href=\"https:\/\/twitter.com\/CEEmorenaOax?ref_src=twsrc%5Etfw\">@CEEmorenaOax<\/a> triunfar\u00e1 en <a href=\"https:\/\/twitter.com\/hashtag\/Oaxaca?src=hash&amp;ref_src=twsrc%5Etfw\">#Oaxaca<\/a>. <a href=\"https:\/\/twitter.com\/Desde_Izquierda?ref_src=twsrc%5Etfw\">@Desde_Izquierda<\/a> <a href=\"https:\/\/t.co\/IbyexzcqbP\">pic.twitter.com\/IbyexzcqbP<\/a><\/p>&mdash; Horacio Sosa Villavicencio (@HoracioSosaOax) <a href=\"https:\/\/twitter.com\/HoracioSosaOax\/status\/1400295921741672449?ref_src=twsrc%5Etfw\">3 de junio de 2021<\/a><\/blockquote><\/div>\n<\/div><\/figure>\n\n\n\n<p>Cabe mencionar que previo al mitin, se realiz\u00f3 una caminata denominada \u00bb la marcha de la victoria\u201d que parti\u00f3 de la gasolinera Maya, ubicada a las afueras del municipio de Ocotl\u00e1n de Morelos, en la que se cont\u00f3 con la participaci\u00f3n de al menos mil 500 personas.<\/p>\n\n\n\n<p>TAMBI\u00c9N EN ZIMATL\u00c1N<\/p>\n\n\n\n<p>Por otra parte, m\u00e1s de 700&nbsp; de personas se&nbsp; dieron cita el martes a un costado del mercado de Zimatl\u00e1n de \u00c1lvarez, para acompa\u00f1ar&nbsp; y refrendar su apoyo, al candidato de Morena a la diputaci\u00f3n local, por el distrito XVI, Horacio Sosa Villavicencio, en el primero de los dos eventos que realizar\u00e1 con motivo del cierre&nbsp; de su campa\u00f1a.<\/p>\n\n\n\n<p>Acompa\u00f1ado por Elizabeth Reyes Nolasco, Secretar\u00eda General del Partido Morena; Luisa Cort\u00e9s Garc\u00eda, coordinadora de promoci\u00f3n del voto en Oaxaca y de la diputada Magaly L\u00f3pez Dom\u00ednguez y el diputado Fredie Delf\u00edn Avenda\u00f1o, Sosa Villavicencio concluy\u00f3 su campa\u00f1a proselitista en Zimatl\u00e1n de \u00c1lvarez.<\/p>\n\n\n\n<p>Al emitir su discurso, el candidato morenista, indic\u00f3 que es urgente, cristalizar el cambio verdadero para la construcci\u00f3n de una nueva patria, m\u00e1s justa y mejor para todas y todos.<\/p>\n\n\n\n<p>Llam\u00f3 a las y los ciudadanos de los municipios a defender la esperanza para Oaxaca y evitar que lleguen gobiernos corruptos.<\/p>\n\n\n\n<p>Record\u00f3&nbsp; que&nbsp; los triunfos del PRIAN se han sostenido con sangre y con masacres de ind\u00edgenas y campesinos.<\/p>\n\n\n\n<p>Horacio Sosa Villavicencio celebr\u00f3 el hecho de que la ciudadan\u00eda est\u00e9 con morena, para defender la esperanza y&nbsp; apuntalar el proyecto de \u00abya sabes qui\u00e9n\u00bb, en b\u00fasqueda de consolidar la Cuarta Transformaci\u00f3n.<\/p>\n","protected":false},"excerpt":{"rendered":"<p>Redacci\u00f3n\/Zona Roja. Oaxaca de Ju\u00e1rez, Oax., 2 de junio de 2021.- Horacio Sosa Villavicencio, candidato&hellip;<\/p>\n","protected":false},"author":2,"featured_media":28078,"comment_status":"closed","ping_status":"open","sticky":false,"template":"","format":"standard","meta":{"_lmt_disableupdate":"","_lmt_disable":"","_jetpack_memberships_contains_paid_content":false,"footnotes":""},"categories":[109,46],"tags":[444],"class_list":["post-28077","post","type-post","status-publish","format-standard","has-post-thumbnail","hentry","category-minuto-a-minuto","category-zona-blanca","tag-horacio-sosa-villavicencio"],"jetpack_featured_media_url":"https:\/\/zonaroja.com.mx\/wp-content\/uploads\/2021\/06\/Cierre-HSV2.jpg","jetpack_sharing_enabled":true,"_links":{"self":[{"href":"https:\/\/zonaroja.com.mx\/index.php?rest_route=\/wp\/v2\/posts\/28077","targetHints":{"allow":["GET"]}}],"collection":[{"href":"https:\/\/zonaroja.com.mx\/index.php?rest_route=\/wp\/v2\/posts"}],"about":[{"href":"https:\/\/zonaroja.com.mx\/index.php?rest_route=\/wp\/v2\/types\/post"}],"author":[{"embeddable":true,"href":"https:\/\/zonaroja.com.mx\/index.php?rest_route=\/wp\/v2\/users\/2"}],"replies":[{"embeddable":true,"href":"https:\/\/zonaroja.com.mx\/index.php?rest_route=%2Fwp%2Fv2%2Fcomments&post=28077"}],"version-history":[{"count":1,"href":"https:\/\/zonaroja.com.mx\/index.php?rest_route=\/wp\/v2\/posts\/28077\/revisions"}],"predecessor-version":[{"id":28079,"href":"https:\/\/zonaroja.com.mx\/index.php?rest_route=\/wp\/v2\/posts\/28077\/revisions\/28079"}],"wp:featuredmedia":[{"embeddable":true,"href":"https:\/\/zonaroja.com.mx\/index.php?rest_route=\/wp\/v2\/media\/28078"}],"wp:attachment":[{"href":"https:\/\/zonaroja.com.mx\/index.php?rest_route=%2Fwp%2Fv2%2Fmedia&parent=28077"}],"wp:term":[{"taxonomy":"category","embeddable":true,"href":"https:\/\/zonaroja.com.mx\/index.php?rest_route=%2Fwp%2Fv2%2Fcategories&post=28077"},{"taxonomy":"post_tag","embeddable":true,"href":"https:\/\/zonaroja.com.mx\/index.php?rest_route=%2Fwp%2Fv2%2Ftags&post=28077"}],"curies":[{"name":"wp","href":"https:\/\/api.w.org\/{rel}","templated":true}]}}