{"id":28084,"date":"2021-06-02T23:01:25","date_gmt":"2021-06-03T04:01:25","guid":{"rendered":"http:\/\/www.zonaroja.com.mx\/?p=28084"},"modified":"2021-06-02T23:01:28","modified_gmt":"2021-06-03T04:01:28","slug":"se-consolida-preferencia-por-villacana-mas-integrantes-de-morena-y-pup-se-suman","status":"publish","type":"post","link":"https:\/\/zonaroja.com.mx\/?p=28084","title":{"rendered":"Se consolida preferencia por Villaca\u00f1a; m\u00e1s integrantes de Morena y PUP se suman"},"content":{"rendered":"\n<p>Oaxaca de Ju\u00e1rez, Oax., a 2 de junio de 2021.- A tres d\u00edas de la jornada electoral, integrantes de la planilla de Morena que encabez\u00f3 Zonia L\u00f3pez Cruz, as\u00ed como Rafael Ram\u00edrez Lescas, candidato a concejal del Partido Unidad Popular (PUD), se sumaron al proyecto de Javier Villaca\u00f1a Jim\u00e9nez, candidato com\u00fan del PAN, PRI y PRD a presidente municipal de Oaxaca de Ju\u00e1rez.<\/p>\n\n\n\n<p>En un encuentro por separado, Zonia L\u00f3pez Cruz, quien fuera precandidata del Movimiento de Regeneraci\u00f3n Nacional a la Presidencia Municipal, anunci\u00f3 la adhesi\u00f3n de quienes integraban esa planilla al proyecto pol\u00edtico de Villaca\u00f1a Jim\u00e9nez, a quien defini\u00f3 como una persona con la experiencia y capacidad suficiente para recuperar la grandeza de la ciudad de Oaxaca.<\/p>\n\n\n\n<p>\u201cHemos tomado la decisi\u00f3n de respaldar a Javier Villaca\u00f1a Jim\u00e9nez toda vez que conoce los rincones y necesidades de la agencias y colonias, donde ha ayudado a la ciudadan\u00eda\u201d, dijo L\u00f3pez Cruz acompa\u00f1ada de j\u00f3venes y l\u00edderes.<\/p>\n\n\n\n<figure class=\"wp-block-embed-twitter wp-block-embed is-type-rich is-provider-twitter\"><div class=\"wp-block-embed__wrapper\">\n<div class=\"twitter-tweet\"><blockquote class=\"twitter-tweet\" data-lang=\"es\"><p lang=\"es\" dir=\"ltr\"><a href=\"https:\/\/twitter.com\/hashtag\/%C3%9AltimoMinuto?src=hash&amp;ref_src=twsrc%5Etfw\">#\u00daltimoMinuto<\/a> <br>La ex aspirante a la candidatura a presidenta municipal por Morena, Zonia L\u00f3pez Cruz, se sum\u00f3 hoy a la campa\u00f1a de <a href=\"https:\/\/twitter.com\/JavierVillacana?ref_src=twsrc%5Etfw\">@JavierVillacana<\/a>, postulado por \u201cVa por Oaxaca\u201d a edil de la capital oaxaque\u00f1a. <a href=\"https:\/\/t.co\/aHvO6jq0mm\">pic.twitter.com\/aHvO6jq0mm<\/a><\/p>&mdash; Zona Roja Oaxaca (@Zona_Roja_Oax) <a href=\"https:\/\/twitter.com\/Zona_Roja_Oax\/status\/1400250404915625985?ref_src=twsrc%5Etfw\">3 de junio de 2021<\/a><\/blockquote><\/div>\n<\/div><\/figure>\n\n\n\n<p>Aqu\u00ed, hizo un llamado a la poblaci\u00f3n citadina para razonar su voto y elegir la \u00fanica opci\u00f3n que busca reconstruir y recomponer las instituciones que el actual gobierno ha abandonado.<\/p>\n\n\n\n<p>En tanto, el candidato a concejal por la tercera posici\u00f3n del PUP, Rafael Ram\u00edrez Lescas entreg\u00f3 su apoyo al candidato com\u00fan por PRI, PAN y PRD al considerarlo una persona con la capacidad para velar y trabajar por todas y todos los oaxaque\u00f1os, por lo que invit\u00f3 a la ciudadan\u00eda a votar este 6 de junio por la coalici\u00f3n \u201cVa por Oaxaca\u201d.<\/p>\n\n\n\n<p>Por su parte, Javier Villaca\u00f1a Jim\u00e9nez ponder\u00f3 la integraci\u00f3n de estos cuadros al triunfo del domingo las cuales \u2013dijo- demuestran que encabezar\u00e1 un gobierno de alianza, plural y de puertas abiertas a quienes tambi\u00e9n quieren rescatar la grandeza, seguridad y embellecimiento que perdi\u00f3 en los \u00faltimos a\u00f1os.<\/p>\n\n\n\n<figure class=\"wp-block-embed-twitter wp-block-embed is-type-rich is-provider-twitter\"><div class=\"wp-block-embed__wrapper\">\n<div class=\"twitter-tweet\"><blockquote class=\"twitter-tweet\" data-lang=\"es\"><p lang=\"es\" dir=\"ltr\"><a href=\"https:\/\/twitter.com\/hashtag\/%C3%9AltimoMinuto?src=hash&amp;ref_src=twsrc%5Etfw\">#\u00daltimoMinuto<\/a> <br>Tambi\u00e9n Rafael Ram\u00edrez Lescano, quien militaba en el Partido Unidad Popular, se sum\u00f3 a <a href=\"https:\/\/twitter.com\/JavierVillacana?ref_src=twsrc%5Etfw\">@JavierVillacana<\/a>, pues lo considera la mejor opci\u00f3n para gobernar Oaxaca. <a href=\"https:\/\/t.co\/Dmn1R5UB9d\">pic.twitter.com\/Dmn1R5UB9d<\/a><\/p>&mdash; Zona Roja Oaxaca (@Zona_Roja_Oax) <a href=\"https:\/\/twitter.com\/Zona_Roja_Oax\/status\/1400287848079708164?ref_src=twsrc%5Etfw\">3 de junio de 2021<\/a><\/blockquote><\/div>\n<\/div><\/figure>\n","protected":false},"excerpt":{"rendered":"<p>Oaxaca de Ju\u00e1rez, Oax., a 2 de junio de 2021.- A tres d\u00edas de la&hellip;<\/p>\n","protected":false},"author":2,"featured_media":28085,"comment_status":"closed","ping_status":"open","sticky":false,"template":"","format":"standard","meta":{"_lmt_disableupdate":"","_lmt_disable":"","_jetpack_memberships_contains_paid_content":false,"footnotes":""},"categories":[109,46],"tags":[2456],"class_list":["post-28084","post","type-post","status-publish","format-standard","has-post-thumbnail","hentry","category-minuto-a-minuto","category-zona-blanca","tag-javier-villacana-jimenez"],"jetpack_featured_media_url":"https:\/\/zonaroja.com.mx\/wp-content\/uploads\/2021\/06\/Javier-Villacana.jpeg","jetpack_sharing_enabled":true,"_links":{"self":[{"href":"https:\/\/zonaroja.com.mx\/index.php?rest_route=\/wp\/v2\/posts\/28084","targetHints":{"allow":["GET"]}}],"collection":[{"href":"https:\/\/zonaroja.com.mx\/index.php?rest_route=\/wp\/v2\/posts"}],"about":[{"href":"https:\/\/zonaroja.com.mx\/index.php?rest_route=\/wp\/v2\/types\/post"}],"author":[{"embeddable":true,"href":"https:\/\/zonaroja.com.mx\/index.php?rest_route=\/wp\/v2\/users\/2"}],"replies":[{"embeddable":true,"href":"https:\/\/zonaroja.com.mx\/index.php?rest_route=%2Fwp%2Fv2%2Fcomments&post=28084"}],"version-history":[{"count":1,"href":"https:\/\/zonaroja.com.mx\/index.php?rest_route=\/wp\/v2\/posts\/28084\/revisions"}],"predecessor-version":[{"id":28086,"href":"https:\/\/zonaroja.com.mx\/index.php?rest_route=\/wp\/v2\/posts\/28084\/revisions\/28086"}],"wp:featuredmedia":[{"embeddable":true,"href":"https:\/\/zonaroja.com.mx\/index.php?rest_route=\/wp\/v2\/media\/28085"}],"wp:attachment":[{"href":"https:\/\/zonaroja.com.mx\/index.php?rest_route=%2Fwp%2Fv2%2Fmedia&parent=28084"}],"wp:term":[{"taxonomy":"category","embeddable":true,"href":"https:\/\/zonaroja.com.mx\/index.php?rest_route=%2Fwp%2Fv2%2Fcategories&post=28084"},{"taxonomy":"post_tag","embeddable":true,"href":"https:\/\/zonaroja.com.mx\/index.php?rest_route=%2Fwp%2Fv2%2Ftags&post=28084"}],"curies":[{"name":"wp","href":"https:\/\/api.w.org\/{rel}","templated":true}]}}