{"id":28087,"date":"2021-06-02T23:15:28","date_gmt":"2021-06-03T04:15:28","guid":{"rendered":"http:\/\/www.zonaroja.com.mx\/?p=28087"},"modified":"2021-06-02T23:15:32","modified_gmt":"2021-06-03T04:15:32","slug":"con-centro-historico-repleto-francisco-martinez-neri-cierra-campana","status":"publish","type":"post","link":"https:\/\/zonaroja.com.mx\/?p=28087","title":{"rendered":"Con Centro Hist\u00f3rico repleto, Francisco Mart\u00ednez Neri cierra campa\u00f1a"},"content":{"rendered":"\n<p>Redacci\u00f3n\/Zona Roja.<\/p>\n\n\n\n<p>Oaxaca de Ju\u00e1rez, Oax., 2 de junio de 2021.- Francisco Mart\u00ednez Neri, candidato de Morena a presidente municipal de Oaxaca de Ju\u00e1rez, realiz\u00f3 hoy su cierre de campa\u00f1a.<\/p>\n\n\n\n<p>Con una marcha que comenz\u00f3 en el edificio de rector\u00eda de la Universidad Aut\u00f3noma \u201cBenito Ju\u00e1rez\u201d de Oaxaca, miles de capitalinas y capitalinos acompa\u00f1aron a la marcha que culmin\u00f3 en un mitin en la Alameda de Le\u00f3n.<\/p>\n\n\n\n<p>Acompa\u00f1ado de los candidatos Luis Alfonso Silva Romo y Liz Arroyo, de las zonas Oaxaca Norte y Sur, respectivamente, la senadora Susana Harp, miembros de su Cabildo e invitados especiales, Mart\u00ednez Neri congreg\u00f3 a cientos de capitalinos que han respaldado su proyecto.<\/p>\n\n\n\n<p>Al grito de \u201c\u00a1Es un honor estar con el contador!\u201d, cientos de hombres y mujeres mostraban su apoyo al candidato de Morena.<\/p>\n\n\n\n<p>Durante su discurso, el candidato Mart\u00ednez Neri destac\u00f3 que construir\u00e1 un gobierno incluyente, de puertas abiertas con la gente.<\/p>\n\n\n\n<figure class=\"wp-block-embed-twitter wp-block-embed is-type-rich is-provider-twitter\"><div class=\"wp-block-embed__wrapper\">\n<div class=\"twitter-tweet\"><blockquote class=\"twitter-tweet\" data-lang=\"es\"><p lang=\"es\" dir=\"ltr\"><a href=\"https:\/\/twitter.com\/hashtag\/%C3%9AltimoMinuto?src=hash&amp;ref_src=twsrc%5Etfw\">#\u00daltimoMinuto<\/a><br>En su mensaje en el cierre de campa\u00f1a en la Alameda de Le\u00f3n, <a href=\"https:\/\/twitter.com\/FMartinezNeri?ref_src=twsrc%5Etfw\">@FMartinezNeri<\/a> lament\u00f3 la \u201cguerra de lodo\u201d en su contra; \u201cqu\u00e9 pena, yo le dije al gobernador en su oportunidad, \u2018trate de cerrar bien, yo voy a ganar la elecci\u00f3n\u2019, pero se ve que no le gust\u00f3\u201d, dijo. <a href=\"https:\/\/t.co\/IbM42dlK0l\">pic.twitter.com\/IbM42dlK0l<\/a><\/p>&mdash; Zona Roja Oaxaca (@Zona_Roja_Oax) <a href=\"https:\/\/twitter.com\/Zona_Roja_Oax\/status\/1400291272343048192?ref_src=twsrc%5Etfw\">3 de junio de 2021<\/a><\/blockquote><\/div>\n<\/div><\/figure>\n\n\n\n<p>Declar\u00f3 que durante estos 30 d\u00edas de campa\u00f1a, de caminar casa por casa, fue testigo de las necesidades del pueblo, lo que permitir\u00e1 que construir un proyecto de gobierno municipal cercano con la gente.<\/p>\n\n\n\n<p>Denunci\u00f3 la guerra sucia que han emprendido sus adversarios:<\/p>\n\n\n\n<p>\u201cEn esta guerra de lodo, que al parecer est\u00e1 involucrado quien despacha ah\u00ed enfrente, nos hemos topado con diferentes maniobras de los contrincantes.<\/p>\n\n\n\n<p>\u201cQu\u00e9 pena, porque al gobernador Alejandro Murat le dije: \u2018trate de cerrar bien, porque voy a ganar y voy a trabajar con usted\u2019. Lamentablemente fuimos testigos de su apoyo a Villaca\u00f1a. Hoy me apena decirle que no cumpli\u00f3 su palabra\u201d.<\/p>\n\n\n\n<figure class=\"wp-block-embed-twitter wp-block-embed is-type-rich is-provider-twitter\"><div class=\"wp-block-embed__wrapper\">\n<div class=\"twitter-tweet\"><blockquote class=\"twitter-tweet\" data-lang=\"es\"><p lang=\"es\" dir=\"ltr\"><a href=\"https:\/\/twitter.com\/hashtag\/ENVIVO?src=hash&amp;ref_src=twsrc%5Etfw\">#ENVIVO<\/a><br>Oaxaca de Ju\u00e1rez, Oax., 2 de junio de 2021.- Cierre de campa\u00f1a de <a href=\"https:\/\/twitter.com\/FMartinezNeri?ref_src=twsrc%5Etfw\">@FMartinezNeri<\/a>, candidato de Morena a la presidencia municipal de Oaxaca de Ju\u00e1rez. Arranca con marcha calenda de avenida Universidad a la Alameda de Le\u00f3n.<br><br>Aqu\u00ed la transmisi\u00f3n \ud83d\udc47<a href=\"https:\/\/t.co\/0R2iHtAY9o\">https:\/\/t.co\/0R2iHtAY9o<\/a> <a href=\"https:\/\/t.co\/dC5L7XYBZr\">pic.twitter.com\/dC5L7XYBZr<\/a><\/p>&mdash; Zona Roja Oaxaca (@Zona_Roja_Oax) <a href=\"https:\/\/twitter.com\/Zona_Roja_Oax\/status\/1400225083281461251?ref_src=twsrc%5Etfw\">2 de junio de 2021<\/a><\/blockquote><\/div>\n<\/div><\/figure>\n\n\n\n<p>Durante el evento, con nutridas porras, el candidato de Morena recibi\u00f3 el respaldo de la ciudadan\u00eda.<\/p>\n\n\n\n<p>Gracias a su preparaci\u00f3n y experiencia, las encuestas han posicionado al ex rector de la UABJO como la mejor opci\u00f3n para gobernar la capital del estado y consolidar la Cuarta Transformaci\u00f3n en el municipio con una pol\u00edtica cercana al pueblo.<\/p>\n\n\n\n<p>Mart\u00ednez Neri se perfila como el ganador indiscutible en Oaxaca de Ju\u00e1rez.<\/p>\n\n\n\n<figure class=\"wp-block-embed-twitter wp-block-embed is-type-rich is-provider-twitter\"><div class=\"wp-block-embed__wrapper\">\n<div class=\"twitter-tweet\"><blockquote class=\"twitter-tweet\" data-lang=\"es\"><p lang=\"es\" dir=\"ltr\"><a href=\"https:\/\/twitter.com\/hashtag\/%C3%9AltimoMinuto?src=hash&amp;ref_src=twsrc%5Etfw\">#\u00daltimoMinuto<\/a> <br>\u201c\u00a1Esta es la marcha del triunfo!, \u00a1vamos a ganar el 6 de junio!\u201d, las palabras de <a href=\"https:\/\/twitter.com\/FMartinezNeri?ref_src=twsrc%5Etfw\">@FMartinezNeri<\/a> al iniciar la multitudinaria marcha-caravana de Ciudad Universitaria a la Alameda, en el cierre de campa\u00f1a. <a href=\"https:\/\/t.co\/sqv8wnXPZT\">pic.twitter.com\/sqv8wnXPZT<\/a><\/p>&mdash; Zona Roja Oaxaca (@Zona_Roja_Oax) <a href=\"https:\/\/twitter.com\/Zona_Roja_Oax\/status\/1400240250602102786?ref_src=twsrc%5Etfw\">2 de junio de 2021<\/a><\/blockquote><\/div>\n<\/div><\/figure>\n","protected":false},"excerpt":{"rendered":"<p>Redacci\u00f3n\/Zona Roja. Oaxaca de Ju\u00e1rez, Oax., 2 de junio de 2021.- Francisco Mart\u00ednez Neri, candidato&hellip;<\/p>\n","protected":false},"author":2,"featured_media":28088,"comment_status":"closed","ping_status":"open","sticky":false,"template":"","format":"standard","meta":{"_lmt_disableupdate":"","_lmt_disable":"","_jetpack_memberships_contains_paid_content":false,"footnotes":""},"categories":[109,46],"tags":[2418],"class_list":["post-28087","post","type-post","status-publish","format-standard","has-post-thumbnail","hentry","category-minuto-a-minuto","category-zona-blanca","tag-francisco-martinez-neri"],"jetpack_featured_media_url":"https:\/\/zonaroja.com.mx\/wp-content\/uploads\/2021\/06\/Francisco-Martinez-Neri.jpg","jetpack_sharing_enabled":true,"_links":{"self":[{"href":"https:\/\/zonaroja.com.mx\/index.php?rest_route=\/wp\/v2\/posts\/28087","targetHints":{"allow":["GET"]}}],"collection":[{"href":"https:\/\/zonaroja.com.mx\/index.php?rest_route=\/wp\/v2\/posts"}],"about":[{"href":"https:\/\/zonaroja.com.mx\/index.php?rest_route=\/wp\/v2\/types\/post"}],"author":[{"embeddable":true,"href":"https:\/\/zonaroja.com.mx\/index.php?rest_route=\/wp\/v2\/users\/2"}],"replies":[{"embeddable":true,"href":"https:\/\/zonaroja.com.mx\/index.php?rest_route=%2Fwp%2Fv2%2Fcomments&post=28087"}],"version-history":[{"count":1,"href":"https:\/\/zonaroja.com.mx\/index.php?rest_route=\/wp\/v2\/posts\/28087\/revisions"}],"predecessor-version":[{"id":28089,"href":"https:\/\/zonaroja.com.mx\/index.php?rest_route=\/wp\/v2\/posts\/28087\/revisions\/28089"}],"wp:featuredmedia":[{"embeddable":true,"href":"https:\/\/zonaroja.com.mx\/index.php?rest_route=\/wp\/v2\/media\/28088"}],"wp:attachment":[{"href":"https:\/\/zonaroja.com.mx\/index.php?rest_route=%2Fwp%2Fv2%2Fmedia&parent=28087"}],"wp:term":[{"taxonomy":"category","embeddable":true,"href":"https:\/\/zonaroja.com.mx\/index.php?rest_route=%2Fwp%2Fv2%2Fcategories&post=28087"},{"taxonomy":"post_tag","embeddable":true,"href":"https:\/\/zonaroja.com.mx\/index.php?rest_route=%2Fwp%2Fv2%2Ftags&post=28087"}],"curies":[{"name":"wp","href":"https:\/\/api.w.org\/{rel}","templated":true}]}}