{"id":28090,"date":"2021-06-03T07:18:37","date_gmt":"2021-06-03T12:18:37","guid":{"rendered":"http:\/\/www.zonaroja.com.mx\/?p=28090"},"modified":"2021-06-03T07:18:39","modified_gmt":"2021-06-03T12:18:39","slug":"deja-miercoles-siete-muertos-por-covid-y-53-contagiados","status":"publish","type":"post","link":"https:\/\/zonaroja.com.mx\/?p=28090","title":{"rendered":"Deja mi\u00e9rcoles siete muertos por Covid y 53 contagiados"},"content":{"rendered":"\n<p>Redacci\u00f3n\/Zona Roja.<\/p>\n\n\n\n<p>Oaxaca de Ju\u00e1rez, Oax., 3 de junio de 2021.- Al corte de ayer mi\u00e9rcoles 2 de junio, los Servicios de Salud de Oaxaca (SSO) informaron que hay 69 camas ocupadas en todo el estado por pacientes con Covid-19, de un total de 486 y disponibles 417, hay cinco hospitales al 100% de ocupaci\u00f3n y siete nuevos hospitalizados.<\/p>\n\n\n\n<p>En un comunicado, la instituci\u00f3n dijo que se han contabilizado 53 casos nuevos y siete defunciones, que contabilizan 47 mil 307 casos confirmados, tres mil 744 defunciones y 194 casos activos de la enfermedad.<\/p>\n\n\n\n<p>A\u00f1adi\u00f3 que se han notificado 79 mil 250 casos, de los cuales 27 mil 213 han sido negativos, hay cuatro mil 730 sospechosos y 43 mil 369 se han recuperado.<\/p>\n\n\n\n<p>Por Jurisdicci\u00f3n Sanitaria, Valles Centrales registra 32 mil 125 casos confirmados y mil 896 defunciones; Istmo cuatro mil 103 y 677 fallecimientos; Tuxtepec, dos mil 926 y 353 muertes; Costa dos mil 452 y 271 p\u00e9rdidas fatales; Mixteca, cuatro mil 12 y 357 decesos; Sierra, mil 689 y 190 defunciones.<\/p>\n\n\n\n<figure class=\"wp-block-embed-twitter wp-block-embed is-type-rich is-provider-twitter\"><div class=\"wp-block-embed__wrapper\">\n<div class=\"twitter-tweet\"><blockquote class=\"twitter-tweet\" data-lang=\"es\"><p lang=\"es\" dir=\"ltr\"><a href=\"https:\/\/twitter.com\/hashtag\/%C3%9AltimoMinuto?src=hash&amp;ref_src=twsrc%5Etfw\">#\u00daltimoMinuto<\/a><br>En <a href=\"https:\/\/twitter.com\/hashtag\/Oaxaca?src=hash&amp;ref_src=twsrc%5Etfw\">#Oaxaca<\/a>, los Servicios de Salud reportaron este mi\u00e9rcoles siete defunciones por Covid, con lo que se acumulan tres mil 744 decesos.<br>Adem\u00e1s, 53 nuevos casos positivo, que dan un total de 47 mil 307 casos confirmados.<a href=\"https:\/\/twitter.com\/hashtag\/Qu%C3%A9dateEnCasa?src=hash&amp;ref_src=twsrc%5Etfw\">#Qu\u00e9dateEnCasa<\/a> <a href=\"https:\/\/t.co\/FEXSvCMWrW\">pic.twitter.com\/FEXSvCMWrW<\/a><\/p>&mdash; Zona Roja Oaxaca (@Zona_Roja_Oax) <a href=\"https:\/\/twitter.com\/Zona_Roja_Oax\/status\/1400271435629793280?ref_src=twsrc%5Etfw\">3 de junio de 2021<\/a><\/blockquote><\/div>\n<\/div><\/figure>\n\n\n\n<p>Dijo que los 53 casos nuevos afectan a 25 municipios, siendo Oaxaca de Ju\u00e1rez el que contabiliza 14 casos, seguido de Santa Luc\u00eda del Camino con cuatro; Huajuapan de Le\u00f3n, San Sebasti\u00e1n Tutla y Santa Mar\u00eda Huatulco tres cada uno, el resto dos y un caso.<\/p>\n\n\n\n<p>En relaci\u00f3n a la ocupaci\u00f3n hospitalaria por pacientes con COVID-19, la Jurisdicci\u00f3n Sanitaria de Valles Centrales tiene un porcentaje del 15.4%, Istmo 14.1%, Tuxtepec 14.3%, Costa 11.8%, Mixteca 11.4% y Sierra 7.7%.<\/p>\n\n\n\n<p>Finalmente, recomend\u00f3 a la poblaci\u00f3n continuar con las medidas sanitarias como la sana distancia, uso correcto del cubrebocas, lavado de manos con agua y jab\u00f3n o alcohol en gel.<\/p>\n","protected":false},"excerpt":{"rendered":"<p>Redacci\u00f3n\/Zona Roja. Oaxaca de Ju\u00e1rez, Oax., 3 de junio de 2021.- Al corte de ayer&hellip;<\/p>\n","protected":false},"author":2,"featured_media":28091,"comment_status":"closed","ping_status":"open","sticky":false,"template":"","format":"standard","meta":{"_lmt_disableupdate":"","_lmt_disable":"","_jetpack_memberships_contains_paid_content":false,"footnotes":""},"categories":[109,47],"tags":[1512],"class_list":["post-28090","post","type-post","status-publish","format-standard","has-post-thumbnail","hentry","category-minuto-a-minuto","category-zona-gris","tag-coronavirus-oaxaca"],"jetpack_featured_media_url":"https:\/\/zonaroja.com.mx\/wp-content\/uploads\/2021\/06\/SSO-1-1.jpeg","jetpack_sharing_enabled":true,"_links":{"self":[{"href":"https:\/\/zonaroja.com.mx\/index.php?rest_route=\/wp\/v2\/posts\/28090","targetHints":{"allow":["GET"]}}],"collection":[{"href":"https:\/\/zonaroja.com.mx\/index.php?rest_route=\/wp\/v2\/posts"}],"about":[{"href":"https:\/\/zonaroja.com.mx\/index.php?rest_route=\/wp\/v2\/types\/post"}],"author":[{"embeddable":true,"href":"https:\/\/zonaroja.com.mx\/index.php?rest_route=\/wp\/v2\/users\/2"}],"replies":[{"embeddable":true,"href":"https:\/\/zonaroja.com.mx\/index.php?rest_route=%2Fwp%2Fv2%2Fcomments&post=28090"}],"version-history":[{"count":1,"href":"https:\/\/zonaroja.com.mx\/index.php?rest_route=\/wp\/v2\/posts\/28090\/revisions"}],"predecessor-version":[{"id":28092,"href":"https:\/\/zonaroja.com.mx\/index.php?rest_route=\/wp\/v2\/posts\/28090\/revisions\/28092"}],"wp:featuredmedia":[{"embeddable":true,"href":"https:\/\/zonaroja.com.mx\/index.php?rest_route=\/wp\/v2\/media\/28091"}],"wp:attachment":[{"href":"https:\/\/zonaroja.com.mx\/index.php?rest_route=%2Fwp%2Fv2%2Fmedia&parent=28090"}],"wp:term":[{"taxonomy":"category","embeddable":true,"href":"https:\/\/zonaroja.com.mx\/index.php?rest_route=%2Fwp%2Fv2%2Fcategories&post=28090"},{"taxonomy":"post_tag","embeddable":true,"href":"https:\/\/zonaroja.com.mx\/index.php?rest_route=%2Fwp%2Fv2%2Ftags&post=28090"}],"curies":[{"name":"wp","href":"https:\/\/api.w.org\/{rel}","templated":true}]}}