{"id":28095,"date":"2021-06-03T08:03:28","date_gmt":"2021-06-03T13:03:28","guid":{"rendered":"http:\/\/www.zonaroja.com.mx\/?p=28095"},"modified":"2021-06-03T08:03:31","modified_gmt":"2021-06-03T13:03:31","slug":"opinion-la-autoridad-de-amlo-y-la-politica-tiktok","status":"publish","type":"post","link":"https:\/\/zonaroja.com.mx\/?p=28095","title":{"rendered":"Opini\u00f3n. La autoridad de AMLO y la pol\u00edtica TikTok"},"content":{"rendered":"\n<p>Gibr\u00e1n Ram\u00edrez Reyes*<\/p>\n\n\n\n<p>A nivel federal, casi el \u00fanico tema de la elecci\u00f3n ha sido si se est\u00e1 con L\u00f3pez Obrador o contra L\u00f3pez Obrador. El presidente es el vector fundamental de nuestro sistema pol\u00edtico.<\/p>\n\n\n\n<p>Los temas laterales no son por ello menos importantes, sino que han sido eclipsados por la idea de rentabilidad electoral, por el impacto medi\u00e1tico. Es lo propio de la din\u00e1mica de campa\u00f1a.<\/p>\n\n\n\n<p>No hemos podido (\u00bfni querido?) parar por d\u00edas para reflexionar qu\u00e9 significa para la izquierda mexicana la tragedia del metro de la Ciudad de M\u00e9xico. No hemos podido detenernos a montar una mesa donde estemos todos para evaluar a conciencia, durante varios d\u00edas, la normalidad violenta de las campa\u00f1as desde el arranque de la funesta guerra calderonista, y mucho m\u00e1s lejos ha quedado el sue\u00f1o deliberativo de campa\u00f1as que discutan m\u00e1s programas e ideas que afectos \u2014un sue\u00f1o, por lo dem\u00e1s, bastante \u00f1o\u00f1o.<\/p>\n\n\n\n<p>Pasamos de la denuncia al canto, del canto al funeral, del funeral al mitin, y de ah\u00ed a la nueva denuncia. Si twitter reconfigur\u00f3 el discurso pol\u00edtico, tiktok ha llegado a vaciarlo.<\/p>\n\n\n\n<p>Pero detr\u00e1s del circo, asistimos a un fen\u00f3meno reformador singular, fundado en la construcci\u00f3n de la autoridad pol\u00edtica de una persona m\u00e1s que de una instituci\u00f3n.<\/p>\n\n\n\n<p>Uno de los fen\u00f3menos fundamentales estudiados por la teor\u00eda pol\u00edtica contempor\u00e1nea es el de la cualidad performativa del lenguaje, que es la capacidad de hacer cosas con palabras, de provocar que las palabras de alguien sean acciones que transforman, al ser dichas, realidades ps\u00edquicas de otros, realidades f\u00edsicas en \u00faltima instancia, una cualidad que se fortalece en las figuras de autoridad.<\/p>\n\n\n\n<p>Hay cosas que s\u00f3lo dichas por la autoridad de una madre se convierten en rega\u00f1o. Hay cosas que s\u00f3lo dichas por alguien con capacidad de hacer da\u00f1o se transforman en amenaza.<\/p>\n\n\n\n<p>Y, as\u00ed, hay cosas que s\u00f3lo dichas por un l\u00edder nacional se convierten en reformas del espacio pol\u00edtico. Una autoridad es distinta a una figura de poder. Una figura de poder puede o no ser apreciada, incluso respetada, pero tiene la capacidad de responder con la fuerza y lograr as\u00ed que sus designios se cumplan.<\/p>\n\n\n\n<p>Una autoridad, por el contrario, trabaja con la palabra, y provoca que sus palabras se conviertan en realidad por el convencimiento, por la aceptaci\u00f3n o rechazo que tiene. Una autoridad se distingue por su capacidad de convertir sus palabras en realidad efectiva sin que la fuerza medie.<\/p>\n\n\n\n<p>As\u00ed por ejemplo, ha dicho L\u00f3pez Obrador que le gustar\u00eda que haya solamente dos partidos: el de la transformaci\u00f3n y el conservador. Y en lugar de confeccionar una reforma pol\u00edtica que es todav\u00eda necesaria, ha puesto a la mayor parte del sistema pol\u00edtico a trabajar en esa direcci\u00f3n, convirtiendo el PRIAN en una realidad federal.<\/p>\n\n\n\n<p>Pero esta din\u00e1mica de dos bandos toma configuraciones diferentes dependiendo del estado. En algunos municipios, gente de todos los partidos se suma a Morena. En otros, en estados completos, gente de todos los partidos se une con o contra Morena.<\/p>\n\n\n\n<p>Ha sido vano el intento de Movimiento Ciudadano de encabezar una tercera v\u00eda. Lo que ha logrado, apenas, es encabezar en algunos sitios (Nuevo Le\u00f3n, Campeche, por momentos Nayarit) al bloque conservador.<\/p>\n\n\n\n<p>Todo esto no presenta sino un problema: cuando Andr\u00e9s Manuel L\u00f3pez Obrador deje la presidencia, llevar\u00e1 consigo la autoridad construida &#8211;que es solo suya&#8211;, el sentido de la nueva estructura del sistema pol\u00edtico mexicano. Y seguir\u00e1n ah\u00ed el funeral, el canto, el mitin, la denuncia, la tragedia y la normalidad violenta, todo quiz\u00e1 transmitido por tiktok.<\/p>\n\n\n\n<p>*Doctor en Ciencia Pol\u00edtica por la UNAM.<\/p>\n","protected":false},"excerpt":{"rendered":"<p>Gibr\u00e1n Ram\u00edrez Reyes* A nivel federal, casi el \u00fanico tema de la elecci\u00f3n ha sido&hellip;<\/p>\n","protected":false},"author":2,"featured_media":24099,"comment_status":"closed","ping_status":"open","sticky":false,"template":"","format":"standard","meta":{"_lmt_disableupdate":"","_lmt_disable":"","_jetpack_memberships_contains_paid_content":false,"footnotes":""},"categories":[456,109],"tags":[2489],"class_list":["post-28095","post","type-post","status-publish","format-standard","has-post-thumbnail","hentry","category-columna","category-minuto-a-minuto","tag-gibran-ramirez-reyes"],"jetpack_featured_media_url":"https:\/\/zonaroja.com.mx\/wp-content\/uploads\/2021\/02\/Gibran-Ramirez-Reyes.jpg","jetpack_sharing_enabled":true,"_links":{"self":[{"href":"https:\/\/zonaroja.com.mx\/index.php?rest_route=\/wp\/v2\/posts\/28095","targetHints":{"allow":["GET"]}}],"collection":[{"href":"https:\/\/zonaroja.com.mx\/index.php?rest_route=\/wp\/v2\/posts"}],"about":[{"href":"https:\/\/zonaroja.com.mx\/index.php?rest_route=\/wp\/v2\/types\/post"}],"author":[{"embeddable":true,"href":"https:\/\/zonaroja.com.mx\/index.php?rest_route=\/wp\/v2\/users\/2"}],"replies":[{"embeddable":true,"href":"https:\/\/zonaroja.com.mx\/index.php?rest_route=%2Fwp%2Fv2%2Fcomments&post=28095"}],"version-history":[{"count":1,"href":"https:\/\/zonaroja.com.mx\/index.php?rest_route=\/wp\/v2\/posts\/28095\/revisions"}],"predecessor-version":[{"id":28096,"href":"https:\/\/zonaroja.com.mx\/index.php?rest_route=\/wp\/v2\/posts\/28095\/revisions\/28096"}],"wp:featuredmedia":[{"embeddable":true,"href":"https:\/\/zonaroja.com.mx\/index.php?rest_route=\/wp\/v2\/media\/24099"}],"wp:attachment":[{"href":"https:\/\/zonaroja.com.mx\/index.php?rest_route=%2Fwp%2Fv2%2Fmedia&parent=28095"}],"wp:term":[{"taxonomy":"category","embeddable":true,"href":"https:\/\/zonaroja.com.mx\/index.php?rest_route=%2Fwp%2Fv2%2Fcategories&post=28095"},{"taxonomy":"post_tag","embeddable":true,"href":"https:\/\/zonaroja.com.mx\/index.php?rest_route=%2Fwp%2Fv2%2Ftags&post=28095"}],"curies":[{"name":"wp","href":"https:\/\/api.w.org\/{rel}","templated":true}]}}