{"id":2810,"date":"2019-08-04T10:57:14","date_gmt":"2019-08-04T15:57:14","guid":{"rendered":"http:\/\/www.zonaroja.com.mx\/?p=2810"},"modified":"2019-08-04T07:59:27","modified_gmt":"2019-08-04T12:59:27","slug":"reparte-uabjo-238-plazas-tras-marcha-de-medicos-pasantes","status":"publish","type":"post","link":"https:\/\/zonaroja.com.mx\/?p=2810","title":{"rendered":"Reparte UABJO 238 plazas tras marcha de m\u00e9dicos pasantes"},"content":{"rendered":"\n<p>Ismael\nGarc\u00eda\/Zona Roja.<\/p>\n\n\n\n<p>Oaxaca de\nJu\u00e1rez, Oax., 4 de agosto de 2019.- Tras la marcha del pasado jueves, 238\npasantes de la licenciatura de Medicina y Cirug\u00eda fueron asignados a una plaza en\ndistintos hospitales de Oaxaca y uno en la capital del pa\u00eds.<\/p>\n\n\n\n<p>De acuerdo\ncon la Universidad Aut\u00f3noma \u201cBenito Ju\u00e1rez\u201d de Oaxaca, este s\u00e1bado se llev\u00f3 a\ncabo la reuni\u00f3n en coordinaci\u00f3n con el Instituto Mexicano del Seguro Social (IMSS)\ny los Servicios de Salud de Oaxaca (SSO) para designar los lugares.<\/p>\n\n\n\n<p>Jos\u00e9 Armando\nSantiago Ruiz, el alumno con el m\u00e1s alto promedio, 9.54 de calificaci\u00f3n, realizar\u00e1\nsu investigaci\u00f3n en el Instituto Nacional de Enfermedades Respiratorias, en la Ciudad\nde M\u00e9xico.<\/p>\n\n\n\n<p>El pasado\njueves, unos 300 pasantes de Medicina de la UABJO y de la Universidad Regional\ndel Sureste (Urse) marcharon en la capital para exigir asignaci\u00f3n de plazas y\nque no haya recortes presupuestales para ese tipo de asignaciones. Esta \u00faltima\ninstituci\u00f3n no ha informado acerca de las designaciones.<\/p>\n\n\n\n<p>Por otra\nparte, en la Ciudad de M\u00e9xico, el grupo parlamentario del Partido de la\nRevoluci\u00f3n Democr\u00e1tica (PRD) en la C\u00e1mara de Diputados exigi\u00f3 al Presidente Andr\u00e9s\nManuel L\u00f3pez Obrador y al titular de la Secretar\u00eda de Salud (Ssa) que atiendan\nlas demandas de los m\u00e9dicos pasantes en servicio social y eviten aplicar la\n\u201causteridad republicana\u201d.<\/p>\n\n\n\n<p>En un\ncomunicado, expres\u00f3 su apoyo a la Asamblea Mexicana de M\u00e9dicos Pasantes del\nServicio Social y sugiri\u00f3 la creaci\u00f3n de una comisi\u00f3n especializada con\nsenadores y diputados federales, en la cual participen representantes de la\nAsamblea Mexicana de Facultades, escuelas de Medicina, el Colegio M\u00e9dico de\nM\u00e9xico, as\u00ed como un representante de las organizaciones Panamericana y Mundial\nde la Salud.<\/p>\n\n\n\n<p>Lo anterior,\ncon el prop\u00f3sito de analizar el planteamiento de la creaci\u00f3n del nuevo modelo\nde servicio social en medicina y \u00e1reas afines a la salud. <\/p>\n\n\n\n<p>Los\ndiputados perredistas consideraron urgente atender las demandas de los m\u00e9dicos\npara evitar que el problema escale y se refleje en la atenci\u00f3n a los\nderechohabientes y pacientes con enfermedades cr\u00f3nico-degenerativas, poniendo\nen riesgo el sector salud en el pa\u00eds. <\/p>\n","protected":false},"excerpt":{"rendered":"<p>Ismael Garc\u00eda\/Zona Roja. Oaxaca de Ju\u00e1rez, Oax., 4 de agosto de 2019.- Tras la marcha&hellip;<\/p>\n","protected":false},"author":2,"featured_media":2811,"comment_status":"closed","ping_status":"open","sticky":false,"template":"","format":"standard","meta":{"_lmt_disableupdate":"","_lmt_disable":"","_jetpack_memberships_contains_paid_content":false,"footnotes":""},"categories":[109,47],"tags":[473],"class_list":["post-2810","post","type-post","status-publish","format-standard","has-post-thumbnail","hentry","category-minuto-a-minuto","category-zona-gris","tag-plazas-pasantes-de-medicina-oaxaca"],"jetpack_featured_media_url":"https:\/\/zonaroja.com.mx\/wp-content\/uploads\/2019\/08\/Pasantes.jpg","jetpack_sharing_enabled":true,"_links":{"self":[{"href":"https:\/\/zonaroja.com.mx\/index.php?rest_route=\/wp\/v2\/posts\/2810","targetHints":{"allow":["GET"]}}],"collection":[{"href":"https:\/\/zonaroja.com.mx\/index.php?rest_route=\/wp\/v2\/posts"}],"about":[{"href":"https:\/\/zonaroja.com.mx\/index.php?rest_route=\/wp\/v2\/types\/post"}],"author":[{"embeddable":true,"href":"https:\/\/zonaroja.com.mx\/index.php?rest_route=\/wp\/v2\/users\/2"}],"replies":[{"embeddable":true,"href":"https:\/\/zonaroja.com.mx\/index.php?rest_route=%2Fwp%2Fv2%2Fcomments&post=2810"}],"version-history":[{"count":1,"href":"https:\/\/zonaroja.com.mx\/index.php?rest_route=\/wp\/v2\/posts\/2810\/revisions"}],"predecessor-version":[{"id":2812,"href":"https:\/\/zonaroja.com.mx\/index.php?rest_route=\/wp\/v2\/posts\/2810\/revisions\/2812"}],"wp:featuredmedia":[{"embeddable":true,"href":"https:\/\/zonaroja.com.mx\/index.php?rest_route=\/wp\/v2\/media\/2811"}],"wp:attachment":[{"href":"https:\/\/zonaroja.com.mx\/index.php?rest_route=%2Fwp%2Fv2%2Fmedia&parent=2810"}],"wp:term":[{"taxonomy":"category","embeddable":true,"href":"https:\/\/zonaroja.com.mx\/index.php?rest_route=%2Fwp%2Fv2%2Fcategories&post=2810"},{"taxonomy":"post_tag","embeddable":true,"href":"https:\/\/zonaroja.com.mx\/index.php?rest_route=%2Fwp%2Fv2%2Ftags&post=2810"}],"curies":[{"name":"wp","href":"https:\/\/api.w.org\/{rel}","templated":true}]}}