{"id":28100,"date":"2021-06-03T08:42:20","date_gmt":"2021-06-03T13:42:20","guid":{"rendered":"http:\/\/www.zonaroja.com.mx\/?p=28100"},"modified":"2021-06-03T08:42:22","modified_gmt":"2021-06-03T13:42:22","slug":"por-elecciones-instalan-mesa-de-seguridad-en-oaxaca","status":"publish","type":"post","link":"https:\/\/zonaroja.com.mx\/?p=28100","title":{"rendered":"Por elecciones, instalan mesa de seguridad en Oaxaca"},"content":{"rendered":"\n<p>Redacci\u00f3n\/Zona Roja.<\/p>\n\n\n\n<p>Oaxaca de Ju\u00e1rez, Oax., 3 de junio de 2021.- Con el objetivo de coordinar los esfuerzos de los tres \u00f3rdenes de gobierno para garantizar la seguridad en Oaxaca durante los comicios del pr\u00f3ximo domingo 6 de junio, autoridades estatales y federales instalaron anoche una mesa de seguridad.<\/p>\n\n\n\n<p>La actividad fue presidida por el gobernador Alejandro Murat Hinojosa, quien dio a conocer los acuerdos alcanzados durante la sesi\u00f3n extraordinaria de la Mesa de Seguridad del estado de Oaxaca.<\/p>\n\n\n\n<p>Entre ellos, la instalaci\u00f3n permanente de la Mesa de Seguridad al proceso electoral, a partir de este 3 de junio y hasta el t\u00e9rmino del proceso comicial.<\/p>\n\n\n\n<p>Asimismo, el inicio de acciones operativas por parte de los \u00f3rganos de seguridad estatal y federal para la prevenci\u00f3n y disuasi\u00f3n de conflictos, en apoyo a la jornada electoral.<\/p>\n\n\n\n<p>De igual manera, se present\u00f3 el orden general de operaciones de la jornada electoral por parte de las instancias de seguridad.<\/p>\n\n\n\n<p>Esta reuni\u00f3n participaron del delegado estatal del Instituto Nacional Electoral (INE), Edgar Humberto Arias, y el consejero presidente del Instituto Estatal Electoral y de Participaci\u00f3n Ciudadana de Oaxaca (IEEPCO), Gustavo Meixueiro N\u00e1jera.<\/p>\n\n\n\n<p>Asimismo, el jefe de la Estaci\u00f3n del Centro Nacional de Inteligencia en el Estado de Oaxaca, Jaime Ramos Neri; la secretaria t\u00e9cnica de la Coordinaci\u00f3n Territorial para la Construcci\u00f3n de la Paz en Oaxaca, Karina Bar\u00f3n Ortiz; el Coordinador Estatal de la Guardia Nacional en Oaxaca, General Brigadier Diplomado de Estado Mayor, Rosalino Barrios Barrios.<\/p>\n\n\n\n<p>Al igual que el comandante de la Octava Regi\u00f3n Militar, General de Divisi\u00f3n, Cruz Eduardo Vega Rivera; el delegado de la Secretar\u00eda de Gobernaci\u00f3n en Oaxaca, Jos\u00e9 Carlos Fuentes Ordaz, y el representante de la D\u00e9cimo Segunda Zona Naval, Capit\u00e1n de Nav\u00edo, Julio Cesar G\u00f3mez Torres.<\/p>\n\n\n\n<p>Tambi\u00e9n, el representante de la Fiscal\u00eda General de la Rep\u00fablica, Jaime Porfirio Belio; el fiscal General del Estado de Oaxaca, Arturo Peimbert Calvo; el secretario General de Gobierno del Estado de Oaxaca, Francisco Garc\u00eda L\u00f3pez; el secretario de Seguridad P\u00fablica de Oaxaca, Heliodoro D\u00edaz Esc\u00e1rraga; y el coordinador General de Atenci\u00f3n Regional, Marco Antonio Hern\u00e1ndez Cuevas.<\/p>\n","protected":false},"excerpt":{"rendered":"<p>Redacci\u00f3n\/Zona Roja. Oaxaca de Ju\u00e1rez, Oax., 3 de junio de 2021.- Con el objetivo de&hellip;<\/p>\n","protected":false},"author":2,"featured_media":28101,"comment_status":"closed","ping_status":"open","sticky":false,"template":"","format":"standard","meta":{"_lmt_disableupdate":"","_lmt_disable":"","_jetpack_memberships_contains_paid_content":false,"footnotes":""},"categories":[109,46],"tags":[2348],"class_list":["post-28100","post","type-post","status-publish","format-standard","has-post-thumbnail","hentry","category-minuto-a-minuto","category-zona-blanca","tag-elecciones-oaxaca-2021"],"jetpack_featured_media_url":"https:\/\/zonaroja.com.mx\/wp-content\/uploads\/2021\/06\/AMH-MESA-DE-SEGURIDAD-1.jpeg","jetpack_sharing_enabled":true,"_links":{"self":[{"href":"https:\/\/zonaroja.com.mx\/index.php?rest_route=\/wp\/v2\/posts\/28100","targetHints":{"allow":["GET"]}}],"collection":[{"href":"https:\/\/zonaroja.com.mx\/index.php?rest_route=\/wp\/v2\/posts"}],"about":[{"href":"https:\/\/zonaroja.com.mx\/index.php?rest_route=\/wp\/v2\/types\/post"}],"author":[{"embeddable":true,"href":"https:\/\/zonaroja.com.mx\/index.php?rest_route=\/wp\/v2\/users\/2"}],"replies":[{"embeddable":true,"href":"https:\/\/zonaroja.com.mx\/index.php?rest_route=%2Fwp%2Fv2%2Fcomments&post=28100"}],"version-history":[{"count":1,"href":"https:\/\/zonaroja.com.mx\/index.php?rest_route=\/wp\/v2\/posts\/28100\/revisions"}],"predecessor-version":[{"id":28102,"href":"https:\/\/zonaroja.com.mx\/index.php?rest_route=\/wp\/v2\/posts\/28100\/revisions\/28102"}],"wp:featuredmedia":[{"embeddable":true,"href":"https:\/\/zonaroja.com.mx\/index.php?rest_route=\/wp\/v2\/media\/28101"}],"wp:attachment":[{"href":"https:\/\/zonaroja.com.mx\/index.php?rest_route=%2Fwp%2Fv2%2Fmedia&parent=28100"}],"wp:term":[{"taxonomy":"category","embeddable":true,"href":"https:\/\/zonaroja.com.mx\/index.php?rest_route=%2Fwp%2Fv2%2Fcategories&post=28100"},{"taxonomy":"post_tag","embeddable":true,"href":"https:\/\/zonaroja.com.mx\/index.php?rest_route=%2Fwp%2Fv2%2Ftags&post=28100"}],"curies":[{"name":"wp","href":"https:\/\/api.w.org\/{rel}","templated":true}]}}