{"id":28103,"date":"2021-06-03T15:47:49","date_gmt":"2021-06-03T20:47:49","guid":{"rendered":"http:\/\/www.zonaroja.com.mx\/?p=28103"},"modified":"2021-06-03T15:47:52","modified_gmt":"2021-06-03T20:47:52","slug":"la-fiscalia-de-oaxaca-tiene-otros-datos-asesinato-de-policia-fue-en-zapotitlan","status":"publish","type":"post","link":"https:\/\/zonaroja.com.mx\/?p=28103","title":{"rendered":"La Fiscal\u00eda de Oaxaca tiene otros datos: asesinato de polic\u00eda fue en Zapotitl\u00e1n"},"content":{"rendered":"\n<p>Redacci\u00f3n\/Zona Roja.<\/p>\n\n\n\n<p>Oaxaca de Ju\u00e1rez, Oax., 3 de junio de 2021.- La Fiscal\u00eda General del Estado de Oaxaca confirm\u00f3 que abri\u00f3 una Carpeta de Investigaci\u00f3n por el asesinato de un elemento de la Polic\u00eda Estatal, perpetrado anoche.<\/p>\n\n\n\n<p>Sin embargo, precis\u00f3 que fue en el municipio de Zapotitl\u00e1n Lagunas, del distrito de Silacayo\u00e1pam, en la regi\u00f3n Mixteca de Oaxaca.<\/p>\n\n\n\n<p>Expuso que de acuerdo con reportes preliminares, se trat\u00f3 de un ataque armado contra elementos de la Polic\u00eda Estatal, dependiente de la Secretar\u00eda de Seguridad P\u00fablica de Oaxaca (SSPO) suscitado en inmediaciones del paraje \u201cLaguna Grande\u201d, donde perdi\u00f3 la vida un polic\u00eda.<\/p>\n\n\n\n<p>\u201cLos hechos se suscitaron la noche del pasado 2 de junio de 2021, cuando sujetos desconocidos le dieron alcance a una patrulla de la SSPO y abrieron fuego en su contra en inmediaciones del paraje \u201cLaguna Grande\u201d de Zapotitl\u00e1n. A consecuencia del ataque, perdi\u00f3 la vida un elemento de la Polic\u00eda Estatal del sexo masculino identificado como R. Z. G.\u201d, indic\u00f3.<\/p>\n\n\n\n<p>En un comunicado, expuso que ante este hecho violento, la instituci\u00f3n de procuraci\u00f3n de justicia -a trav\u00e9s de la Vicefiscal\u00eda Regional de la Mixteca-, despleg\u00f3 a su personal multidisciplinario, conformado por Agentes Estatales de Investigaci\u00f3n, peritos y Agentes del Ministerio P\u00fablico, traslad\u00e1ndose al lugar de los hechos para realizar las pesquisas iniciales.<\/p>\n\n\n\n<p>Asimismo, la Fiscal\u00eda General trabaja coordinadamente con la SSPO, a fin de integrar una investigaci\u00f3n exhaustiva para esclarecer con prontitud este crimen y dar con los responsables.<\/p>\n","protected":false},"excerpt":{"rendered":"<p>Redacci\u00f3n\/Zona Roja. Oaxaca de Ju\u00e1rez, Oax., 3 de junio de 2021.- La Fiscal\u00eda General del&hellip;<\/p>\n","protected":false},"author":2,"featured_media":8421,"comment_status":"closed","ping_status":"open","sticky":false,"template":"","format":"standard","meta":{"_lmt_disableupdate":"","_lmt_disable":"","_jetpack_memberships_contains_paid_content":false,"footnotes":""},"categories":[109,47],"tags":[494],"class_list":["post-28103","post","type-post","status-publish","format-standard","has-post-thumbnail","hentry","category-minuto-a-minuto","category-zona-gris","tag-fiscalia-general-del-estado-de-oaxaca"],"jetpack_featured_media_url":"https:\/\/zonaroja.com.mx\/wp-content\/uploads\/2020\/02\/Polic\u00eda-Estatal.png","jetpack_sharing_enabled":true,"_links":{"self":[{"href":"https:\/\/zonaroja.com.mx\/index.php?rest_route=\/wp\/v2\/posts\/28103","targetHints":{"allow":["GET"]}}],"collection":[{"href":"https:\/\/zonaroja.com.mx\/index.php?rest_route=\/wp\/v2\/posts"}],"about":[{"href":"https:\/\/zonaroja.com.mx\/index.php?rest_route=\/wp\/v2\/types\/post"}],"author":[{"embeddable":true,"href":"https:\/\/zonaroja.com.mx\/index.php?rest_route=\/wp\/v2\/users\/2"}],"replies":[{"embeddable":true,"href":"https:\/\/zonaroja.com.mx\/index.php?rest_route=%2Fwp%2Fv2%2Fcomments&post=28103"}],"version-history":[{"count":1,"href":"https:\/\/zonaroja.com.mx\/index.php?rest_route=\/wp\/v2\/posts\/28103\/revisions"}],"predecessor-version":[{"id":28104,"href":"https:\/\/zonaroja.com.mx\/index.php?rest_route=\/wp\/v2\/posts\/28103\/revisions\/28104"}],"wp:featuredmedia":[{"embeddable":true,"href":"https:\/\/zonaroja.com.mx\/index.php?rest_route=\/wp\/v2\/media\/8421"}],"wp:attachment":[{"href":"https:\/\/zonaroja.com.mx\/index.php?rest_route=%2Fwp%2Fv2%2Fmedia&parent=28103"}],"wp:term":[{"taxonomy":"category","embeddable":true,"href":"https:\/\/zonaroja.com.mx\/index.php?rest_route=%2Fwp%2Fv2%2Fcategories&post=28103"},{"taxonomy":"post_tag","embeddable":true,"href":"https:\/\/zonaroja.com.mx\/index.php?rest_route=%2Fwp%2Fv2%2Ftags&post=28103"}],"curies":[{"name":"wp","href":"https:\/\/api.w.org\/{rel}","templated":true}]}}