{"id":28105,"date":"2021-06-03T18:00:06","date_gmt":"2021-06-03T23:00:06","guid":{"rendered":"http:\/\/www.zonaroja.com.mx\/?p=28105"},"modified":"2021-06-03T18:01:23","modified_gmt":"2021-06-03T23:01:23","slug":"por-segundo-dia-familia-de-inspector-asesinado-denuncia-omision-de-edil","status":"publish","type":"post","link":"https:\/\/zonaroja.com.mx\/?p=28105","title":{"rendered":"Por segundo d\u00eda, familia de inspector asesinado denuncia omisi\u00f3n de edil"},"content":{"rendered":"\n<p>Evlin Arag\u00f3n\/Zona Roja.<\/p>\n\n\n\n<p>Oaxaca de Ju\u00e1rez, Oax., 3 de junio de 2021.- Familiares de Gregorio Cort\u00e9s Cruz, inspector del municipio de Oaxaca de Ju\u00e1rez, quien falleciera, el pasado 14 de abril, tras una golpiza propinada por un vendedor ambulante, se manifestaron por segundo d\u00eda a las afueras de la sede del ayuntamiento capitalino para exigir justicia.\u00a0<\/p>\n\n\n\n<p>En el lugar, denunciaron la pasividad por parte de las autoridades municipales, encabezadas por Oswaldo Garc\u00eda Jarqu\u00edn, quien no ha atendido a la familia que qued\u00f3 en estado de indefensi\u00f3n, toda vez que Gregorio era quien llevaba el sustento al hogar.&nbsp;<\/p>\n\n\n\n<p>Al respecto, Roc\u00edo Ramos Garc\u00eda, viuda del occiso, asegur\u00f3 que las autoridades no han dado respuesta ni a la captura del asesino, ni mucho menos han brindado el apoyo econ\u00f3mico a la familia, lo anterior pese a que por ley le corresponder\u00eda una indemnizaci\u00f3n, ya que su esposo falleci\u00f3 cumpliendo con su labor.&nbsp;<\/p>\n\n\n\n<p>\u201cEl licenciado Oswaldo Garc\u00eda Jarqu\u00edn no nos ha dado una audiencia para hablar con \u00e9l, apenas ayer el Cabildo retom\u00f3 el punto y hoy esperamos una buena noticia por parte de las autoridades. Apelamos a la humanidad de las autoridades\u201d, dijo.\u00a0<\/p>\n\n\n\n<figure class=\"wp-block-embed-twitter wp-block-embed is-type-rich is-provider-twitter\"><div class=\"wp-block-embed__wrapper\">\n<div class=\"twitter-tweet\"><blockquote class=\"twitter-tweet\" data-lang=\"es\"><p lang=\"es\" dir=\"ltr\"><a href=\"https:\/\/twitter.com\/hashtag\/ENVIVO?src=hash&amp;ref_src=twsrc%5Etfw\">#ENVIVO<\/a> <br>Oaxaca de Ju\u00e1rez, Oax., a 3 de junio de 2021. Protesta de familiares de un inspector municipal fallecido, para denunciar el nulo apoyo por parte del ayuntamiento que encabeza Oswaldo Garc\u00eda Jarqu\u00edn.<br><br>Siga la transmisi\u00f3n aqu\u00ed.<a href=\"https:\/\/t.co\/MbwM3CmC3h\">https:\/\/t.co\/MbwM3CmC3h<\/a> <a href=\"https:\/\/t.co\/qARm7Jhyq8\">pic.twitter.com\/qARm7Jhyq8<\/a><\/p>&mdash; Zona Roja Oaxaca (@Zona_Roja_Oax) <a href=\"https:\/\/twitter.com\/Zona_Roja_Oax\/status\/1400471705118670850?ref_src=twsrc%5Etfw\">3 de junio de 2021<\/a><\/blockquote><\/div>\n<\/div><\/figure>\n\n\n\n<p>Explic\u00f3 que, a m\u00e1s de un mes de los hechos, fue apenas el d\u00eda de ayer que el Cabildo municipal retom\u00f3 el caso e instal\u00f3 una comisi\u00f3n especial para darle seguimiento, de ah\u00ed que se trasladaron este d\u00eda a las oficinas municipales con la finalidad de una respuesta satisfactoria.&nbsp;&nbsp;<\/p>\n\n\n\n<p>La mujer reproch\u00f3 que pese a darle el respaldo a Oswaldo Garc\u00eda Jarqu\u00edn para llegar al cargo, este les ha dado la espalda y no se ha tomado la molestia de responder al oficio que se le dirigi\u00f3 a finales del mes de abril, de ah\u00ed que pidi\u00f3 el respaldo de la autoridad federal, encabezada por Andr\u00e9s Manuel L\u00f3pez Obrador, tras los o\u00eddos sordos que ha recibido del municipe.&nbsp;<\/p>\n\n\n\n<p>\u201cAqu\u00ed estoy se\u00f1or presidente pidiendo justicia. Aqu\u00ed estamos, estamos con usted, pero mire este tipo de gente que no hace lo que usted ha dicho\u201d, asegur\u00f3 la mujer entre sollozos.\u00a0<\/p>\n\n\n\n<figure class=\"wp-block-embed-twitter wp-block-embed is-type-rich is-provider-twitter\"><div class=\"wp-block-embed__wrapper\">\n<div class=\"twitter-tweet\"><blockquote class=\"twitter-tweet\" data-lang=\"es\"><p lang=\"es\" dir=\"ltr\">Indolencia del edil del <a href=\"https:\/\/twitter.com\/MunicipioOaxaca?ref_src=twsrc%5Etfw\">@MunicipioOaxaca<\/a>, <a href=\"https:\/\/twitter.com\/oswaldogarciaj?ref_src=twsrc%5Etfw\">@oswaldogarciaj<\/a>:<br>Entre l\u00e1grimas, la se\u00f1ora Roc\u00edo, viuda de Gregorio Cort\u00e9s -inspector asesinado durante su labor-, suplica ayuda del Presidente <a href=\"https:\/\/twitter.com\/lopezobrador_?ref_src=twsrc%5Etfw\">@lopezobrador_<\/a>, pues la autoridad municipal se niega a pagar indemnizaci\u00f3n. <a href=\"https:\/\/t.co\/GCMPxEK3Wp\">pic.twitter.com\/GCMPxEK3Wp<\/a><\/p>&mdash; Zona Roja Oaxaca (@Zona_Roja_Oax) <a href=\"https:\/\/twitter.com\/Zona_Roja_Oax\/status\/1400566108873236481?ref_src=twsrc%5Etfw\">3 de junio de 2021<\/a><\/blockquote><\/div>\n<\/div><\/figure>\n\n\n\n<p>Aunque hoy esperan respuesta por parte del Cabildo, tambi\u00e9n eval\u00faa las acciones posteriores a realizar, ello ante la falta de atenci\u00f3n por parte del edil de Oaxaca de Ju\u00e1rez.&nbsp;<\/p>\n\n\n\n<p>Finalmente, Ramos Garc\u00eda denunci\u00f3 que la labor que realizan los inspectores municipales representa un riesgo debido a la enorme cantidad de puestos ambulantes y la violencia con la que responden los diferentes sindicatos a los que se encuentran adheridos.&nbsp;<\/p>\n\n\n\n<p>\u201cPido que la autoridad evalu\u00e9 el trabajo que realizan los inspectores y que le den soluci\u00f3n a mi caso. Mi esposo fue un hombre dedicado al trabajo, fue un hombre honesto. Se dedicaba a hacer su trabajo y merece justicia\u201d, sentenci\u00f3.&nbsp;<\/p>\n","protected":false},"excerpt":{"rendered":"<p>Evlin Arag\u00f3n\/Zona Roja. Oaxaca de Ju\u00e1rez, Oax., 3 de junio de 2021.- Familiares de Gregorio&hellip;<\/p>\n","protected":false},"author":2,"featured_media":28107,"comment_status":"closed","ping_status":"open","sticky":false,"template":"","format":"standard","meta":{"_lmt_disableupdate":"","_lmt_disable":"","_jetpack_memberships_contains_paid_content":false,"footnotes":""},"categories":[109,47],"tags":[2606],"class_list":["post-28105","post","type-post","status-publish","format-standard","has-post-thumbnail","hentry","category-minuto-a-minuto","category-zona-gris","tag-gregorio-cortes-cruz"],"jetpack_featured_media_url":"https:\/\/zonaroja.com.mx\/wp-content\/uploads\/2021\/06\/Denuncia-viudad-de-inspector-asesinado-Oaxaca.jpg","jetpack_sharing_enabled":true,"_links":{"self":[{"href":"https:\/\/zonaroja.com.mx\/index.php?rest_route=\/wp\/v2\/posts\/28105","targetHints":{"allow":["GET"]}}],"collection":[{"href":"https:\/\/zonaroja.com.mx\/index.php?rest_route=\/wp\/v2\/posts"}],"about":[{"href":"https:\/\/zonaroja.com.mx\/index.php?rest_route=\/wp\/v2\/types\/post"}],"author":[{"embeddable":true,"href":"https:\/\/zonaroja.com.mx\/index.php?rest_route=\/wp\/v2\/users\/2"}],"replies":[{"embeddable":true,"href":"https:\/\/zonaroja.com.mx\/index.php?rest_route=%2Fwp%2Fv2%2Fcomments&post=28105"}],"version-history":[{"count":2,"href":"https:\/\/zonaroja.com.mx\/index.php?rest_route=\/wp\/v2\/posts\/28105\/revisions"}],"predecessor-version":[{"id":28108,"href":"https:\/\/zonaroja.com.mx\/index.php?rest_route=\/wp\/v2\/posts\/28105\/revisions\/28108"}],"wp:featuredmedia":[{"embeddable":true,"href":"https:\/\/zonaroja.com.mx\/index.php?rest_route=\/wp\/v2\/media\/28107"}],"wp:attachment":[{"href":"https:\/\/zonaroja.com.mx\/index.php?rest_route=%2Fwp%2Fv2%2Fmedia&parent=28105"}],"wp:term":[{"taxonomy":"category","embeddable":true,"href":"https:\/\/zonaroja.com.mx\/index.php?rest_route=%2Fwp%2Fv2%2Fcategories&post=28105"},{"taxonomy":"post_tag","embeddable":true,"href":"https:\/\/zonaroja.com.mx\/index.php?rest_route=%2Fwp%2Fv2%2Ftags&post=28105"}],"curies":[{"name":"wp","href":"https:\/\/api.w.org\/{rel}","templated":true}]}}