{"id":28109,"date":"2021-06-03T18:49:49","date_gmt":"2021-06-03T23:49:49","guid":{"rendered":"http:\/\/www.zonaroja.com.mx\/?p=28109"},"modified":"2021-06-03T18:49:52","modified_gmt":"2021-06-03T23:49:52","slug":"a-cinco-anos-de-la-represion-en-nochixtlan-anuncian-movilizacion-masiva","status":"publish","type":"post","link":"https:\/\/zonaroja.com.mx\/?p=28109","title":{"rendered":"A cinco a\u00f1os de la represi\u00f3n en Nochixtl\u00e1n, anuncian movilizaci\u00f3n masiva"},"content":{"rendered":"\n<p>Evlin Arag\u00f3n\/Zona Roja.<\/p>\n\n\n\n<p>Oaxaca de Ju\u00e1rez, Oax., 3 de junio de 2021.- A punto de cumplirse cinco a\u00f1os del operativo polic\u00edaco, en inmediaciones de Asunci\u00f3n Nochixtl\u00e1n, que dej\u00f3 como saldo seis personas fallecidas y decenas de personas heridas, integrantes del Comit\u00e9 de V\u00edctimas por Justicia y Verdad \u201c19 de Junio\u201d anunciaron una movilizaci\u00f3n masiva como parte de la conmemoraci\u00f3n de los hechos y la exigencia de justicia.&nbsp;<\/p>\n\n\n\n<p>As\u00ed lo dio a conocer Santiago Ambrosio Hern\u00e1ndez, presidente del comit\u00e9, quien asegur\u00f3 que las actividades programadas para el pr\u00f3ximo s\u00e1bado 19 de junio incluyen una movilizaci\u00f3n masiva, a partir de las ocho de la ma\u00f1ana; posteriormente una ofrenda floral, una misa y un foro internacional denominada \u201cLa deuda hist\u00f3rica de justicia en M\u00e9xico y Guatemala\u201d.<\/p>\n\n\n\n<p>En este sentido, dio a conocer que, a diferencia del a\u00f1o pasado, las actividades regresaran a la modalidad presencial, debido a que las condiciones han mejorado en torno a la pandemia, aunque mantendr\u00e1n los filtros sanitarios para actuar de forma responsable.&nbsp;<\/p>\n\n\n\n<p>As\u00ed mismo, Santiago Ambrosio evidenci\u00f3 el abandono de las autoridades federales para con las v\u00edctimas, quienes a cinco a\u00f1os de los hechos no han recibido la indemnizaci\u00f3n prometida y mucho menos el respaldo m\u00e9dico y psicol\u00f3gico al que se hab\u00edan comprometido como parte de la reparaci\u00f3n del da\u00f1o.&nbsp;<\/p>\n\n\n\n<p>En conferencia de prensa, denunci\u00f3 que a cinco a\u00f1os de los hechos no se ha judicializado la carpeta de investigaci\u00f3n y a\u00fan se siguen recabando los datos que permitan dar con los autores materiales e intelectuales de la masacre.\u00a0<\/p>\n\n\n\n<figure class=\"wp-block-embed-twitter wp-block-embed is-type-rich is-provider-twitter\"><div class=\"wp-block-embed__wrapper\">\n<div class=\"twitter-tweet\"><blockquote class=\"twitter-tweet\" data-lang=\"es\"><p lang=\"es\" dir=\"ltr\"><a href=\"https:\/\/twitter.com\/hashtag\/ENVIVO?src=hash&amp;ref_src=twsrc%5Etfw\">#ENVIVO<\/a><br>Oaxaca de Ju\u00e1rez, Oax., 3 de junio de 2021.- Conferencia de prensa del Comit\u00e9 de V\u00edctimas de Nochixtl\u00e1n, para anunciar actividades para conmemorar represi\u00f3n del 19 de junio de 2016.<br>Siga aqu\u00ed la transmisi\u00f3n:<br>\ud83d\udc47<a href=\"https:\/\/t.co\/wbZFnNfCBw\">https:\/\/t.co\/wbZFnNfCBw<\/a> <a href=\"https:\/\/t.co\/pGBixYAicM\">pic.twitter.com\/pGBixYAicM<\/a><\/p>&mdash; Zona Roja Oaxaca (@Zona_Roja_Oax) <a href=\"https:\/\/twitter.com\/Zona_Roja_Oax\/status\/1400458059479019532?ref_src=twsrc%5Etfw\">3 de junio de 2021<\/a><\/blockquote><\/div>\n<\/div><\/figure>\n\n\n\n<p>En este sentido, evidenci\u00f3 el papel tendencioso que ha jugado la Fiscal\u00eda General de la Rep\u00fablica (FGR) en el caso, sin embargo, indic\u00f3 que ha sido mediante la lucha de las v\u00edctimas y del cuerpo jur\u00eddico que les respalda, que se ha podido avanzar.\u00a0<\/p>\n\n\n\n<p>Como lo han expuesto anteriormente, destac\u00f3 el litigio frontal que mantienen contra la FGR, encabezada por Alejandro Gertz Manero, la cual se supone deber\u00eda representar los intereses de las v\u00edctimas y no estar sosteniendo un pacto de impunidad con los ex funcionarios de Enrique Pe\u00f1a Nieto.\u00a0<\/p>\n\n\n\n<p>Santiago Ambrosio record\u00f3 que la principal l\u00ednea de investigaci\u00f3n por parte de las v\u00edctimas, es la investigaci\u00f3n de la cadena de mando, de ah\u00ed que se mantienen a la espera de la comparecencia Miguel \u00c1ngel Osorio Chong, la cual fue determinado por un Juez Federal, y que tendr\u00e1 que hacerse efectiva una vez que concluya el proceso electoral.\u00a0<\/p>\n\n\n\n<p>\u201cEn estos cinco a\u00f1os ha sido la lucha de las v\u00edctimas la que ha impulsado la investigaci\u00f3n, no solo en materia penal sino tambi\u00e9n en materia de derechos humanos, ello ante unas autoridades que pareciera encubren a sus antecesores\u201d, se\u00f1al\u00f3 el abogado del caso, Darinel Blas Garc\u00eda quien no descart\u00f3 una segunda comparecencia por parte del ex gobernador de Oaxaca, Gabino Cu\u00e9 Monteagudo.&nbsp;<\/p>\n\n\n\n<p>As\u00ed mismo, los integrantes del Comit\u00e9 insistieron en el repudio a las candidaturas de Enrique Francisco Galindo Cevallos y Renato Sales Heredia, ambos involucrados en la cadena de mando del operativo que dej\u00f3 fracturado el tejido social en la comunidad de Asunci\u00f3n Nochixtl\u00e1n, hasta la fecha.\u00a0\u00a0<\/p>\n\n\n\n<p>Finalmente, Adri\u00e1n Morales Aguilar, representante regional de la Mixteca al interior de la Secci\u00f3n 22 de la Coordinadora Nacional de Trabajadores de la Educaci\u00f3n (CNTE) asegur\u00f3 que la gremial reactivar\u00e1 la exigencia de justicia para los ca\u00eddos y castigo a los responsables de la represi\u00f3n del pueblo mixteco.&nbsp;<\/p>\n","protected":false},"excerpt":{"rendered":"<p>Evlin Arag\u00f3n\/Zona Roja. Oaxaca de Ju\u00e1rez, Oax., 3 de junio de 2021.- A punto de&hellip;<\/p>\n","protected":false},"author":2,"featured_media":28110,"comment_status":"closed","ping_status":"open","sticky":false,"template":"","format":"standard","meta":{"_lmt_disableupdate":"","_lmt_disable":"","_jetpack_memberships_contains_paid_content":false,"footnotes":""},"categories":[109,47],"tags":[249],"class_list":["post-28109","post","type-post","status-publish","format-standard","has-post-thumbnail","hentry","category-minuto-a-minuto","category-zona-gris","tag-comite-de-victimas-nochixtlan"],"jetpack_featured_media_url":"https:\/\/zonaroja.com.mx\/wp-content\/uploads\/2021\/06\/Comite-de-victimas-de-Nochixtlan.jpg","jetpack_sharing_enabled":true,"_links":{"self":[{"href":"https:\/\/zonaroja.com.mx\/index.php?rest_route=\/wp\/v2\/posts\/28109","targetHints":{"allow":["GET"]}}],"collection":[{"href":"https:\/\/zonaroja.com.mx\/index.php?rest_route=\/wp\/v2\/posts"}],"about":[{"href":"https:\/\/zonaroja.com.mx\/index.php?rest_route=\/wp\/v2\/types\/post"}],"author":[{"embeddable":true,"href":"https:\/\/zonaroja.com.mx\/index.php?rest_route=\/wp\/v2\/users\/2"}],"replies":[{"embeddable":true,"href":"https:\/\/zonaroja.com.mx\/index.php?rest_route=%2Fwp%2Fv2%2Fcomments&post=28109"}],"version-history":[{"count":1,"href":"https:\/\/zonaroja.com.mx\/index.php?rest_route=\/wp\/v2\/posts\/28109\/revisions"}],"predecessor-version":[{"id":28111,"href":"https:\/\/zonaroja.com.mx\/index.php?rest_route=\/wp\/v2\/posts\/28109\/revisions\/28111"}],"wp:featuredmedia":[{"embeddable":true,"href":"https:\/\/zonaroja.com.mx\/index.php?rest_route=\/wp\/v2\/media\/28110"}],"wp:attachment":[{"href":"https:\/\/zonaroja.com.mx\/index.php?rest_route=%2Fwp%2Fv2%2Fmedia&parent=28109"}],"wp:term":[{"taxonomy":"category","embeddable":true,"href":"https:\/\/zonaroja.com.mx\/index.php?rest_route=%2Fwp%2Fv2%2Fcategories&post=28109"},{"taxonomy":"post_tag","embeddable":true,"href":"https:\/\/zonaroja.com.mx\/index.php?rest_route=%2Fwp%2Fv2%2Ftags&post=28109"}],"curies":[{"name":"wp","href":"https:\/\/api.w.org\/{rel}","templated":true}]}}