{"id":28112,"date":"2021-06-03T20:00:44","date_gmt":"2021-06-04T01:00:44","guid":{"rendered":"http:\/\/www.zonaroja.com.mx\/?p=28112"},"modified":"2021-06-03T20:00:48","modified_gmt":"2021-06-04T01:00:48","slug":"el-issste-tuxtepec-para-labores-por-carencias-no-cuentan-ni-con-material-de-curacion","status":"publish","type":"post","link":"https:\/\/zonaroja.com.mx\/?p=28112","title":{"rendered":"El ISSSTE Tuxtepec para labores por carencias; no cuentan ni con material de curaci\u00f3n"},"content":{"rendered":"\n<p>Yuridiana Sosa\/Zona Roja.<\/p>\n\n\n\n<p>Oaxaca de Ju\u00e1rez, Oax., 3 de junio de 2021.- Trabajadores de base del hospital del Instituto de Seguridad y Servicios Sociales de los Trabajadores del Estado (ISSSTE) en Tuxtepec, pararon labores para exigir al gobierno estatal y federal recursos para infraestructura hospitalaria, insumos m\u00e9dicos, de papeler\u00eda y mobiliario.<\/p>\n\n\n\n<p>Los m\u00e9dicos, enfermeras y personal administrativo cerraron el \u00e1rea Covid, para la cual urgieron que se aplique la \u201cdesreconversi\u00f3n\u201d de esta zona, as\u00ed como la construcci\u00f3n de un ba\u00f1o propio en esa unidad.<\/p>\n\n\n\n<p>En las \u00e1reas que a\u00fan se mantienen en funciones, como la de urgencias, los trabajadores laboran bajo protesta ante la falta de mantenimiento al nosocomio, para el que exigen una nueva construcci\u00f3n o en su caso una ampliaci\u00f3n de 30 a 60 camas.<\/p>\n\n\n\n<p>Las carencias en la cl\u00ednica-hospital \u201cA\u201d ISSSTE son de todo tipo, de acuerdo con lo denunciado por la base trabajadora. Desde falta de personal m\u00e9dico, enfermer\u00eda, camilleros, ch\u00f3feres, laboratorista, administrativos, mantenimiento, hasta material de curaci\u00f3n.<\/p>\n\n\n\n<p>As\u00ed tambi\u00e9n, registran desabasto de medicamentos del cuadro b\u00e1sico para los pacientes cr\u00f3nicos degenerativos; y necesitan equipos nuevos o en buenas condiciones de microscopios, camas, equipo de Rayos X, l\u00e1mparas de emergencia, electrocauterio, adem\u00e1s de reparaci\u00f3n del sistema de climatizaci\u00f3n del \u00e1rea general de consulta externa, hospitalizaci\u00f3n, urgencias y \u00e1reas quir\u00fargicas.<\/p>\n\n\n\n<p>La desatenci\u00f3n para el nosocomio que da cobertura a derechohabientes de la zona de la Cuenca de Oaxaca y Veracruz, deriva en la falta de ambulancias para cubrir los servicios, ausencia de abasto de jab\u00f3n l\u00edquido y sanitas para el lavado de manos en ba\u00f1os y hasta de insumos de papeler\u00eda y mobiliario de oficina.<\/p>\n\n\n\n<p>Las necesidades de este nosocomio han sido planteadas al director general del ISSSTE, Luis Antonio Ram\u00edrez Pineda en sus visitas a Oaxaca y Tuxtepec, como fue en enero de 2019 y en noviembre de 2020, pero no ha hecho caso.<\/p>\n","protected":false},"excerpt":{"rendered":"<p>Yuridiana Sosa\/Zona Roja. Oaxaca de Ju\u00e1rez, Oax., 3 de junio de 2021.- Trabajadores de base&hellip;<\/p>\n","protected":false},"author":2,"featured_media":28113,"comment_status":"closed","ping_status":"open","sticky":false,"template":"","format":"standard","meta":{"_lmt_disableupdate":"","_lmt_disable":"","_jetpack_memberships_contains_paid_content":false,"footnotes":""},"categories":[109,47],"tags":[1556],"class_list":["post-28112","post","type-post","status-publish","format-standard","has-post-thumbnail","hentry","category-minuto-a-minuto","category-zona-gris","tag-protesta-issste-oaxaca"],"jetpack_featured_media_url":"https:\/\/zonaroja.com.mx\/wp-content\/uploads\/2021\/06\/Paro-de-labores-ISSSTE.jpg","jetpack_sharing_enabled":true,"_links":{"self":[{"href":"https:\/\/zonaroja.com.mx\/index.php?rest_route=\/wp\/v2\/posts\/28112","targetHints":{"allow":["GET"]}}],"collection":[{"href":"https:\/\/zonaroja.com.mx\/index.php?rest_route=\/wp\/v2\/posts"}],"about":[{"href":"https:\/\/zonaroja.com.mx\/index.php?rest_route=\/wp\/v2\/types\/post"}],"author":[{"embeddable":true,"href":"https:\/\/zonaroja.com.mx\/index.php?rest_route=\/wp\/v2\/users\/2"}],"replies":[{"embeddable":true,"href":"https:\/\/zonaroja.com.mx\/index.php?rest_route=%2Fwp%2Fv2%2Fcomments&post=28112"}],"version-history":[{"count":1,"href":"https:\/\/zonaroja.com.mx\/index.php?rest_route=\/wp\/v2\/posts\/28112\/revisions"}],"predecessor-version":[{"id":28114,"href":"https:\/\/zonaroja.com.mx\/index.php?rest_route=\/wp\/v2\/posts\/28112\/revisions\/28114"}],"wp:featuredmedia":[{"embeddable":true,"href":"https:\/\/zonaroja.com.mx\/index.php?rest_route=\/wp\/v2\/media\/28113"}],"wp:attachment":[{"href":"https:\/\/zonaroja.com.mx\/index.php?rest_route=%2Fwp%2Fv2%2Fmedia&parent=28112"}],"wp:term":[{"taxonomy":"category","embeddable":true,"href":"https:\/\/zonaroja.com.mx\/index.php?rest_route=%2Fwp%2Fv2%2Fcategories&post=28112"},{"taxonomy":"post_tag","embeddable":true,"href":"https:\/\/zonaroja.com.mx\/index.php?rest_route=%2Fwp%2Fv2%2Ftags&post=28112"}],"curies":[{"name":"wp","href":"https:\/\/api.w.org\/{rel}","templated":true}]}}