{"id":28115,"date":"2021-06-03T21:09:57","date_gmt":"2021-06-04T02:09:57","guid":{"rendered":"http:\/\/www.zonaroja.com.mx\/?p=28115"},"modified":"2021-06-03T21:10:05","modified_gmt":"2021-06-04T02:10:05","slug":"el-ocnf-se-une-a-la-exigencia-de-justicia-para-sol-avala-tribunal-feminista","status":"publish","type":"post","link":"https:\/\/zonaroja.com.mx\/?p=28115","title":{"rendered":"El OCNF se une a la exigencia de justicia para Sol; avala Tribunal Feminista"},"content":{"rendered":"\n<p>Evlin Arag\u00f3n\/Zona Roja.<\/p>\n\n\n\n<p>Oaxaca de Ju\u00e1rez, Oax., 3 de junio de 2021.- El Observatorio Ciudadano Nacional del Feminicidio (OCNF) advirti\u00f3 su preocupaci\u00f3n ante la falta de debida diligencia y perspectiva de g\u00e9nero por parte de la Fiscal\u00eda General del Estado de Oaxaca, en las carpetas de investigaci\u00f3n correspondientes a los feminicidios, tal y como ha quedado de manifiesto en el caso de Mar\u00eda del Sol Cruz Jarqu\u00edn.&nbsp;<\/p>\n\n\n\n<p>As\u00ed lo dio a conocer Mar\u00eda de la Luz Estrada, coordinadora del OCNF, quien exigi\u00f3 a las autoridades estatales cero tolerancia y complicidad con los autores materiales e intelectuales en el caso de la fotorreportera, agilizaci\u00f3n de las investigaciones, garant\u00edas de una investigaci\u00f3n con perspectiva de g\u00e9nero y bajo los m\u00e1s altos est\u00e1ndares internacionales en la materia.<\/p>\n\n\n\n<p>Lo anterior dijo no s\u00f3lo con respecto a Mar\u00eda del Sol, sino en los cientos de casos de mujeres que han sido asesinadas en Oaxaca en los \u00faltimos a\u00f1os, cuyas familias tambi\u00e9n merecen acceso a la justicia.&nbsp;<\/p>\n\n\n\n<p>La activista detall\u00f3 que con la experiencia de 14 a\u00f1os de vida del Observatorio puede asegurar que la falta de debida diligencia y de perspectiva de g\u00e9nero en las investigaciones, representa la continuidad de las violaciones a los derechos de las v\u00edctimas y sus familias.<\/p>\n\n\n\n<p>As\u00ed mismo, representa un mensaje de permisibilidad y contribuye a la cadena de impunidad. \u201cEs un mensaje a los agresores de que las mujeres no valemos y que pueden matarnos, as\u00ed es como se crean los asesinos seriales que son arropados por la impunidad\u201d<\/p>\n\n\n\n<p>Record\u00f3 que, de acuerdo con las cifras a nivel nacional, tres mil 752 mujeres fueron asesinadas en el 2020, s\u00f3lo el 26 por ciento de los casos se investigan como feminicidios, el resto no; mientras que, en lo que va del 2021, se han contabilizado mil 252 casos, de los cuales solo en 318 se ha iniciado las carpetas de investigaci\u00f3n por el delito de feminicidio.<\/p>\n\n\n\n<p>Las cifras anteriores, dijo, son el reflejo de la normalizaci\u00f3n de la violencia contra las mujeres y el resultado de la obstaculizaci\u00f3n de la justicia e impunidad. \u201cCuando la justicia es lenta, no es justicia\u201d, dijo.&nbsp;&nbsp;<\/p>\n\n\n\n<p>En el caso particular de Mar\u00eda del Sol, asegur\u00f3 que la justicia ha estado ausente y eso enfrenta a la v\u00edctima y familiares a un Estado fallido, un Estado que no protege la vida de las mujeres y no rompe con las cadenas de la impunidad.&nbsp;<\/p>\n\n\n\n<p>Por ello dio a conocer que el OCNF se une al Tribunal Feminista contra la Violencia hacia las Mujeres, con la intenci\u00f3n de que se esclarezca el caso de la fotorreportera y muchos m\u00e1s casos que se encuentran en la impunidad en Oaxaca y en otros estados del pa\u00eds.<\/p>\n\n\n\n<p>\u201cNos sumamos porque ser v\u00edctimas de feminicidios en nuestro pa\u00eds significa no solamente perder la vida, sino la identidad, para convertirnos en un expediente m\u00e1s entre miles, en consecuencia, ser madre o familiar de una v\u00edctima de feminicidio significa entregarse a una lucha desgastante, dolorosa y que usualmente no encuentra justicia y mucho menos reparaci\u00f3n del da\u00f1o, sentenci\u00f3.&nbsp;<\/p>\n","protected":false},"excerpt":{"rendered":"<p>Evlin Arag\u00f3n\/Zona Roja. Oaxaca de Ju\u00e1rez, Oax., 3 de junio de 2021.- El Observatorio Ciudadano&hellip;<\/p>\n","protected":false},"author":2,"featured_media":28116,"comment_status":"closed","ping_status":"open","sticky":false,"template":"","format":"standard","meta":{"_lmt_disableupdate":"","_lmt_disable":"","_jetpack_memberships_contains_paid_content":false,"footnotes":""},"categories":[109,47],"tags":[1059,1346],"class_list":["post-28115","post","type-post","status-publish","format-standard","has-post-thumbnail","hentry","category-minuto-a-minuto","category-zona-gris","tag-maria-del-sol-cruz-jarquin","tag-observatorio-ciudadano-nacional-del-feminicidio-ocnf"],"jetpack_featured_media_url":"https:\/\/zonaroja.com.mx\/wp-content\/uploads\/2021\/06\/Mari\u0301aDelaLuzEstrada.jpeg","jetpack_sharing_enabled":true,"_links":{"self":[{"href":"https:\/\/zonaroja.com.mx\/index.php?rest_route=\/wp\/v2\/posts\/28115","targetHints":{"allow":["GET"]}}],"collection":[{"href":"https:\/\/zonaroja.com.mx\/index.php?rest_route=\/wp\/v2\/posts"}],"about":[{"href":"https:\/\/zonaroja.com.mx\/index.php?rest_route=\/wp\/v2\/types\/post"}],"author":[{"embeddable":true,"href":"https:\/\/zonaroja.com.mx\/index.php?rest_route=\/wp\/v2\/users\/2"}],"replies":[{"embeddable":true,"href":"https:\/\/zonaroja.com.mx\/index.php?rest_route=%2Fwp%2Fv2%2Fcomments&post=28115"}],"version-history":[{"count":1,"href":"https:\/\/zonaroja.com.mx\/index.php?rest_route=\/wp\/v2\/posts\/28115\/revisions"}],"predecessor-version":[{"id":28117,"href":"https:\/\/zonaroja.com.mx\/index.php?rest_route=\/wp\/v2\/posts\/28115\/revisions\/28117"}],"wp:featuredmedia":[{"embeddable":true,"href":"https:\/\/zonaroja.com.mx\/index.php?rest_route=\/wp\/v2\/media\/28116"}],"wp:attachment":[{"href":"https:\/\/zonaroja.com.mx\/index.php?rest_route=%2Fwp%2Fv2%2Fmedia&parent=28115"}],"wp:term":[{"taxonomy":"category","embeddable":true,"href":"https:\/\/zonaroja.com.mx\/index.php?rest_route=%2Fwp%2Fv2%2Fcategories&post=28115"},{"taxonomy":"post_tag","embeddable":true,"href":"https:\/\/zonaroja.com.mx\/index.php?rest_route=%2Fwp%2Fv2%2Ftags&post=28115"}],"curies":[{"name":"wp","href":"https:\/\/api.w.org\/{rel}","templated":true}]}}