{"id":28121,"date":"2021-06-03T22:16:41","date_gmt":"2021-06-04T03:16:41","guid":{"rendered":"http:\/\/www.zonaroja.com.mx\/?p=28121"},"modified":"2021-06-03T22:16:45","modified_gmt":"2021-06-04T03:16:45","slug":"denuncian-a-candidato-del-pt-en-santa-lucia-del-camino-por-intento-de-secuestro","status":"publish","type":"post","link":"https:\/\/zonaroja.com.mx\/?p=28121","title":{"rendered":"Denuncian a candidato del PT en Santa Luc\u00eda del Camino por intento de secuestro"},"content":{"rendered":"\n<p>Ismael Garc\u00eda M.\/Zona Roja.<\/p>\n\n\n\n<p>Oaxaca de Ju\u00e1rez, Oax., 3 de junio de 2021.- Dionet Alberto Monta\u00f1o Montero, quien se ostenta como candidato del Partido del Trabajo a presidente municipal de Santa Luc\u00eda del Camino, fue denunciado hoy ante la Fiscal\u00eda General del Estado por intento de secuestro.<\/p>\n\n\n\n<p>Gustavo Rub\u00e9n Mat\u00edas Cruz, representante del Partido Morena en el Consejo Municipal Electoral de dicha demarcaci\u00f3n, inform\u00f3 lo anterior, tras acudir a presentar la queja ante el Ministerio P\u00fablico.<\/p>\n\n\n\n<p>En conferencia de prensa esta noche, en el exterior de la instituci\u00f3n ministerial, detall\u00f3 que fue informado que en las calles de Santa Luc\u00eda del Camino hab\u00eda un veh\u00edculo tipo Tsuru, marca Nissan,  voceando y \u201cdando la falsa noticia que Dante Monta\u00f1o Montero es candidato a presidente municipal, lo cual es falso\u00bb.<\/p>\n\n\n\n<p>Escuch\u00f3 que en la avenida Hornos esquina L\u00e1zaro C\u00e1rdenas, se hallaba la unidad, donde grab\u00f3 para certificar los hechos, pues presuntamente se incurre en una violaci\u00f3n a la ley, ya que desde ayer a la media noche qued\u00f3 suspendida toda publicidad electoral.<\/p>\n\n\n\n<figure class=\"wp-block-embed-twitter wp-block-embed is-type-rich is-provider-twitter\"><div class=\"wp-block-embed__wrapper\">\n<div class=\"twitter-tweet\"><blockquote class=\"twitter-tweet\" data-lang=\"es\"><p lang=\"es\" dir=\"ltr\"><a href=\"https:\/\/twitter.com\/hashtag\/%C3%9AltimoMinuto?src=hash&amp;ref_src=twsrc%5Etfw\">#\u00daltimoMinuto<\/a> <br>Por probables delitos electorales y por intento de secuestro, ante la <a href=\"https:\/\/twitter.com\/FISCALIA_GobOax?ref_src=twsrc%5Etfw\">@FISCALIA_GobOax<\/a> fue denunciado hoy Dionet Alberto Monta\u00f1o, candidato a edil de Santa Luc\u00eda del Camino por el PT, y hermano del presidente municipal <a href=\"https:\/\/twitter.com\/DANTEMONTANO?ref_src=twsrc%5Etfw\">@DanteMontano<\/a>. <a href=\"https:\/\/t.co\/5UGPmRsZOM\">pic.twitter.com\/5UGPmRsZOM<\/a><\/p>&mdash; Zona Roja Oaxaca (@Zona_Roja_Oax) <a href=\"https:\/\/twitter.com\/Zona_Roja_Oax\/status\/1400632810491105281?ref_src=twsrc%5Etfw\">4 de junio de 2021<\/a><\/blockquote><\/div>\n<\/div><\/figure>\n\n\n\n<p>Sin embargo, fue encarado por los ocupantes de una camioneta marca Jeep, tipo Grande Cheroke, de donde descendieron tres personas que lo amedrentaron, a lo cual respondi\u00f3 que estaba en el derecho de grabar.<\/p>\n\n\n\n<p>No obstante, intentaron secuestrarlo y entre los ocupantes del veh\u00edculo alcanz\u00f3 a ver a Dionet, quien dio la orden de \u201clevantarlo\u201d; entonces pidi\u00f3 auxilio de sus compa\u00f1eros y tras lo cual los sujetos se dieron a la fuga.<\/p>\n\n\n\n<p>Pidi\u00f3 a la Fiscal\u00eda General medidas cautelares a su persona a fin de resguardar su integridad f\u00edsica, adem\u00e1s de iniciar la investigaci\u00f3n correspondiente. Responsabiliz\u00f3 a Dionet y Dante Monta\u00f1o de cualquier agresi\u00f3n a su persona.<\/p>\n","protected":false},"excerpt":{"rendered":"<p>Ismael Garc\u00eda M.\/Zona Roja. Oaxaca de Ju\u00e1rez, Oax., 3 de junio de 2021.- Dionet Alberto&hellip;<\/p>\n","protected":false},"author":2,"featured_media":28122,"comment_status":"closed","ping_status":"open","sticky":false,"template":"","format":"standard","meta":{"_lmt_disableupdate":"","_lmt_disable":"","_jetpack_memberships_contains_paid_content":false,"footnotes":""},"categories":[109,47],"tags":[585,2725],"class_list":["post-28121","post","type-post","status-publish","format-standard","has-post-thumbnail","hentry","category-minuto-a-minuto","category-zona-gris","tag-dante-montano-montero","tag-dionet-montano-montero"],"jetpack_featured_media_url":"https:\/\/zonaroja.com.mx\/wp-content\/uploads\/2021\/06\/Denuncia-contra-Dionet-Montano.jpg","jetpack_sharing_enabled":true,"_links":{"self":[{"href":"https:\/\/zonaroja.com.mx\/index.php?rest_route=\/wp\/v2\/posts\/28121","targetHints":{"allow":["GET"]}}],"collection":[{"href":"https:\/\/zonaroja.com.mx\/index.php?rest_route=\/wp\/v2\/posts"}],"about":[{"href":"https:\/\/zonaroja.com.mx\/index.php?rest_route=\/wp\/v2\/types\/post"}],"author":[{"embeddable":true,"href":"https:\/\/zonaroja.com.mx\/index.php?rest_route=\/wp\/v2\/users\/2"}],"replies":[{"embeddable":true,"href":"https:\/\/zonaroja.com.mx\/index.php?rest_route=%2Fwp%2Fv2%2Fcomments&post=28121"}],"version-history":[{"count":1,"href":"https:\/\/zonaroja.com.mx\/index.php?rest_route=\/wp\/v2\/posts\/28121\/revisions"}],"predecessor-version":[{"id":28123,"href":"https:\/\/zonaroja.com.mx\/index.php?rest_route=\/wp\/v2\/posts\/28121\/revisions\/28123"}],"wp:featuredmedia":[{"embeddable":true,"href":"https:\/\/zonaroja.com.mx\/index.php?rest_route=\/wp\/v2\/media\/28122"}],"wp:attachment":[{"href":"https:\/\/zonaroja.com.mx\/index.php?rest_route=%2Fwp%2Fv2%2Fmedia&parent=28121"}],"wp:term":[{"taxonomy":"category","embeddable":true,"href":"https:\/\/zonaroja.com.mx\/index.php?rest_route=%2Fwp%2Fv2%2Fcategories&post=28121"},{"taxonomy":"post_tag","embeddable":true,"href":"https:\/\/zonaroja.com.mx\/index.php?rest_route=%2Fwp%2Fv2%2Ftags&post=28121"}],"curies":[{"name":"wp","href":"https:\/\/api.w.org\/{rel}","templated":true}]}}