{"id":28124,"date":"2021-06-03T22:41:21","date_gmt":"2021-06-04T03:41:21","guid":{"rendered":"http:\/\/www.zonaroja.com.mx\/?p=28124"},"modified":"2021-06-03T22:41:27","modified_gmt":"2021-06-04T03:41:27","slug":"inicia-la-guerra-de-cazadespensas-balazos-y-acusaciones-previo-a-elecciones","status":"publish","type":"post","link":"https:\/\/zonaroja.com.mx\/?p=28124","title":{"rendered":"Inicia la guerra de cazadespensas, balazos y acusaciones, previo a elecciones"},"content":{"rendered":"\n<p>Ismael Garc\u00eda M.\/Zona Roja.<\/p>\n\n\n\n<p>Oaxaca de Ju\u00e1rez, Oax., 3 de junio de 2021.- A tres d\u00edas de las elecciones, en Oaxaca inici\u00f3 la guerra de acusaciones, brigadas cazadespenzas, balazos y piedrazos.<\/p>\n\n\n\n<p>Por la ma\u00f1ana en una bodega de la calle 12 de Septiembre de Santa Luc\u00eda del Camino, a dos cuadras de la avenida L\u00e1zaro C\u00e1rdenas, vecinos denunciaron que un tr\u00e1iler cargaba despensas.<\/p>\n\n\n\n<p>Un grupo de ciudadanos lleg\u00f3 al sitio para constatar los hechos, pero fue recibido con disparos de arma de fuego, sin que se registraran lesionados.<\/p>\n\n\n\n<p>No fue sino hasta la ma\u00f1ana de hoy en que elementos de la polic\u00eda municipal arribaron para resguardar el lugar; de acuerdo con las fotograf\u00edas, est\u00e1 lleno de productos b\u00e1sicos y bolsas de pl\u00e1stico, para armar despensas.<\/p>\n\n\n\n<p>Seg\u00fan las primeras informaciones, ser\u00edan para apoyar a Leticia Cruz Regino, candidata a edil por el PRI-PAN-PRD; no obstante, sus seguidores acusaron que eran de personal al mando de Dante Monta\u00f1o, para repartir a afines al Partido del Trabajo.<\/p>\n\n\n\n<figure class=\"wp-block-embed-twitter wp-block-embed is-type-rich is-provider-twitter\"><div class=\"wp-block-embed__wrapper\">\n<div class=\"twitter-tweet\"><blockquote class=\"twitter-tweet\" data-lang=\"es\"><p lang=\"es\" dir=\"ltr\"><a href=\"https:\/\/twitter.com\/hashtag\/%C3%9AltimoMinuto?src=hash&amp;ref_src=twsrc%5Etfw\">#\u00daltimoMinuto<\/a> <br>As\u00ed fue encontrada una presunta bodega con despensas en la calle Camelias de la colonia Jard\u00edn de la ciudad de Oaxaca; a\u00fan no se sabe de qu\u00e9 partido pol\u00edtico ser\u00eda. <a href=\"https:\/\/twitter.com\/julioastillero?ref_src=twsrc%5Etfw\">@julioastillero<\/a> <a href=\"https:\/\/twitter.com\/AristeguiOnline?ref_src=twsrc%5Etfw\">@AristeguiOnline<\/a> <a href=\"https:\/\/twitter.com\/Reforma?ref_src=twsrc%5Etfw\">@Reforma<\/a> <a href=\"https:\/\/twitter.com\/sdpnoticias?ref_src=twsrc%5Etfw\">@sdpnoticias<\/a> <a href=\"https:\/\/t.co\/kPAzqH7UdT\">pic.twitter.com\/kPAzqH7UdT<\/a><\/p>&mdash; Zona Roja Oaxaca (@Zona_Roja_Oax) <a href=\"https:\/\/twitter.com\/Zona_Roja_Oax\/status\/1400516091093258243?ref_src=twsrc%5Etfw\">3 de junio de 2021<\/a><\/blockquote><\/div>\n<\/div><\/figure>\n\n\n\n<p>OTRO CASO<\/p>\n\n\n\n<p>Mientras tanto, en la calle Camelias de la colonia Jard\u00edn, perteneciente a la agencia de Donaj\u00ed de la ciudad de Oaxaca, fue denunciada otra vivienda en que se ocultaban despensas.<\/p>\n\n\n\n<p>En este caso, una brigada de Morena lleg\u00f3 al lugar para interceptar a los ocupantes de una camioneta en que se trasladaban cajas con productos b\u00e1sicos; sin embargo, fueron recibidos a piedras por mototaxistas, presuntamente al mando de Diego Sol\u00eds.<\/p>\n\n\n\n<p>Al sitio lleg\u00f3 Rogelio Pensamiento Mesinas, dirigente del MULT, quien dijo que las despensas podr\u00edan ser &nbsp;del PRI, para apoyar al candidato de la coalci\u00f3n \u201cVa por Oaxaca\u201d a la presidencia municipal.<\/p>\n\n\n\n<p>En este \u00faltimo caso, la Fiscal\u00eda General del Estado de Oaxaca emiti\u00f3 un comunicado en que detall\u00f3 que dio inicio a la Carpeta de Investigaci\u00f3n correspondiente.<\/p>\n\n\n\n<figure class=\"wp-block-embed-twitter wp-block-embed is-type-rich is-provider-twitter\"><div class=\"wp-block-embed__wrapper\">\n<div class=\"twitter-tweet\"><blockquote class=\"twitter-tweet\" data-lang=\"es\"><p lang=\"es\" dir=\"ltr\"><a href=\"https:\/\/twitter.com\/hashtag\/ENVIVO?src=hash&amp;ref_src=twsrc%5Etfw\">#ENVIVO<\/a> <br>Santa Luc\u00eda del Camino, Oax., 3 de junio de 2021.- Hallan bodega presuntamente con despensas en la calle 12 de Septiembre y que supuestamente ser\u00edan de la pri\u00edsta Leticia Cruz, candidata presidenta municipal. <br>Siga aqu\u00ed la transmisi\u00f3n:<br>\ud83d\udc47<a href=\"https:\/\/t.co\/ICDhe5oRdZ\">https:\/\/t.co\/ICDhe5oRdZ<\/a> <a href=\"https:\/\/t.co\/TiIei8cmOx\">pic.twitter.com\/TiIei8cmOx<\/a><\/p>&mdash; Zona Roja Oaxaca (@Zona_Roja_Oax) <a href=\"https:\/\/twitter.com\/Zona_Roja_Oax\/status\/1400491909718573057?ref_src=twsrc%5Etfw\">3 de junio de 2021<\/a><\/blockquote><\/div>\n<\/div><\/figure>\n","protected":false},"excerpt":{"rendered":"<p>Ismael Garc\u00eda M.\/Zona Roja. Oaxaca de Ju\u00e1rez, Oax., 3 de junio de 2021.- A tres&hellip;<\/p>\n","protected":false},"author":2,"featured_media":28125,"comment_status":"closed","ping_status":"open","sticky":false,"template":"","format":"standard","meta":{"_lmt_disableupdate":"","_lmt_disable":"","_jetpack_memberships_contains_paid_content":false,"footnotes":""},"categories":[109,47],"tags":[2348],"class_list":["post-28124","post","type-post","status-publish","format-standard","has-post-thumbnail","hentry","category-minuto-a-minuto","category-zona-gris","tag-elecciones-oaxaca-2021"],"jetpack_featured_media_url":"https:\/\/zonaroja.com.mx\/wp-content\/uploads\/2021\/06\/Bodeja-despensas-colonia-Jardin.jpg","jetpack_sharing_enabled":true,"_links":{"self":[{"href":"https:\/\/zonaroja.com.mx\/index.php?rest_route=\/wp\/v2\/posts\/28124","targetHints":{"allow":["GET"]}}],"collection":[{"href":"https:\/\/zonaroja.com.mx\/index.php?rest_route=\/wp\/v2\/posts"}],"about":[{"href":"https:\/\/zonaroja.com.mx\/index.php?rest_route=\/wp\/v2\/types\/post"}],"author":[{"embeddable":true,"href":"https:\/\/zonaroja.com.mx\/index.php?rest_route=\/wp\/v2\/users\/2"}],"replies":[{"embeddable":true,"href":"https:\/\/zonaroja.com.mx\/index.php?rest_route=%2Fwp%2Fv2%2Fcomments&post=28124"}],"version-history":[{"count":1,"href":"https:\/\/zonaroja.com.mx\/index.php?rest_route=\/wp\/v2\/posts\/28124\/revisions"}],"predecessor-version":[{"id":28126,"href":"https:\/\/zonaroja.com.mx\/index.php?rest_route=\/wp\/v2\/posts\/28124\/revisions\/28126"}],"wp:featuredmedia":[{"embeddable":true,"href":"https:\/\/zonaroja.com.mx\/index.php?rest_route=\/wp\/v2\/media\/28125"}],"wp:attachment":[{"href":"https:\/\/zonaroja.com.mx\/index.php?rest_route=%2Fwp%2Fv2%2Fmedia&parent=28124"}],"wp:term":[{"taxonomy":"category","embeddable":true,"href":"https:\/\/zonaroja.com.mx\/index.php?rest_route=%2Fwp%2Fv2%2Fcategories&post=28124"},{"taxonomy":"post_tag","embeddable":true,"href":"https:\/\/zonaroja.com.mx\/index.php?rest_route=%2Fwp%2Fv2%2Ftags&post=28124"}],"curies":[{"name":"wp","href":"https:\/\/api.w.org\/{rel}","templated":true}]}}