{"id":2813,"date":"2019-08-04T08:46:38","date_gmt":"2019-08-04T13:46:38","guid":{"rendered":"http:\/\/www.zonaroja.com.mx\/?p=2813"},"modified":"2019-08-04T08:46:41","modified_gmt":"2019-08-04T13:46:41","slug":"caso-alotepec-dificil-entender-usos-y-costumbres-si-no-se-vive-en-la-comunidad","status":"publish","type":"post","link":"https:\/\/zonaroja.com.mx\/?p=2813","title":{"rendered":"Caso Alotepec: dif\u00edcil entender usos y costumbres si no se vive en la comunidad"},"content":{"rendered":"\n<p>Redacci\u00f3n\/Zona\nRoja. <\/p>\n\n\n\n<p>Oaxaca de\nJu\u00e1rez, Oax., 4 de agosto de 2019.- Tras la retenci\u00f3n el pasado jueves de siete\nmujeres en Santa Mar\u00eda Alotepec Mixe, a t\u00edtulo personal, el secretario\nmunicipal Donaldo Monterrubio detall\u00f3 las complicaciones para entender los usos\ny costumbres si no se vive en una comunidad.<\/p>\n\n\n\n<p>A trav\u00e9s de\nsu cuenta personal en la red social Facebook, se\u00f1al\u00f3 que su funci\u00f3n es ser el\nmediador entre la autoridad y el gobierno, porque en este caso espec\u00edfico el presidente\nmunicipal no habla, escribe ni lee la lengua oficial, \u00e9l lleg\u00f3 a este cargo por\nescalaf\u00f3n y por una buena carrera pol\u00edtica comunitaria.<\/p>\n\n\n\n<p>\u201cEstar todos\nlos d\u00edas en el palacio municipal me permite conocer e involucrarme en la\nadministraci\u00f3n e impartici\u00f3n de justicia de este peque\u00f1o municipio, no existe\nseparaci\u00f3n entre los asuntos oficiales y los comunitarios, desde aqu\u00ed se planea\ndesde un ritual hasta&nbsp; una obra con\nrecursos federales, aqu\u00ed se juzga a las parejas que tienen problemas maritales\ncomo tambi\u00e9n se escucha los \u00faltimos deseos de un moribundo, aqu\u00ed pasa todo,\ndice el dicho\u201d. <\/p>\n\n\n\n<p>En seguida\nrelata lo que sucedi\u00f3 con el caso de las mujeres encarceladas por unas horas:<\/p>\n\n\n\n<p>\u201cHoy por la\nma\u00f1ana mandaron a llamar a varias mujeres&nbsp;\nque en&nbsp; una administraci\u00f3n\nanterior&nbsp; estuvieron en un programa de&nbsp; Comedores&nbsp;\ndel DIF.<\/p>\n\n\n\n<p>\u201cLas\nautoridades les solicitaron&nbsp; por segunda\nocasi\u00f3n que regresaran los utensilios que se hab\u00edan llevado a su casa porque\niban a ser utilizados para la preparaci\u00f3n de la comida de&nbsp; la inauguraci\u00f3n del Centro de Integraci\u00f3n de\nla Secretar\u00eda de Bienestar del Gobierno Federal.<\/p>\n\n\n\n<p>\u201cComo es\ncostumbre, se sentaron al centro de la sala de Cabildo, se negaron a regresar\nlos utensilios porque alegaron que les hab\u00eda costado d\u00edas de trabajo construir\nla casa que funcion\u00f3 como cocina, dijeron que los devolver\u00edan s\u00f3lo si les\npagaban a sus esposos los d\u00edas de tequio.<\/p>\n\n\n\n<p>\u201cEmpezaron los murmullos y se alzaron la voz ambas partes, la autoridad aleg\u00f3 que no pod\u00edan qued\u00e1rselos porque eran del pueblo, optaron por encerrarlas en la c\u00e1rcel a siete de ellas\u201d. <\/p>\n\n\n\n<figure class=\"wp-block-embed-twitter wp-block-embed is-type-rich is-provider-twitter\"><div class=\"wp-block-embed__wrapper\">\n<div class=\"twitter-tweet\"><blockquote class=\"twitter-tweet\" data-lang=\"es\"><p lang=\"es\" dir=\"ltr\"><a href=\"https:\/\/twitter.com\/hashtag\/OaxacaGris?src=hash&amp;ref_src=twsrc%5Etfw\">#OaxacaGris<\/a><br>En este video se aprecia la retenci\u00f3n de siete mujeres mixes en la c\u00e1rcel de Santa Mar\u00eda Alotepec, municipio de la regi\u00f3n Sierra Ju\u00e1rez de <a href=\"https:\/\/twitter.com\/hashtag\/Oaxaca?src=hash&amp;ref_src=twsrc%5Etfw\">#Oaxaca<\/a>. <a href=\"https:\/\/twitter.com\/CNDH?ref_src=twsrc%5Etfw\">@CNDH<\/a> <a href=\"https:\/\/twitter.com\/DDHPO?ref_src=twsrc%5Etfw\">@DDHPO<\/a> <a href=\"https:\/\/twitter.com\/CodigoDH?ref_src=twsrc%5Etfw\">@CodigoDH<\/a> <a href=\"https:\/\/twitter.com\/ELPINERO?ref_src=twsrc%5Etfw\">@ELPINERO<\/a> <a href=\"https:\/\/t.co\/uPk2O8gwpZ\">pic.twitter.com\/uPk2O8gwpZ<\/a><\/p>&mdash; Zona Roja Oaxaca (@MexRoja) <a href=\"https:\/\/twitter.com\/MexRoja\/status\/1157082831572652037?ref_src=twsrc%5Etfw\">2 de agosto de 2019<\/a><\/blockquote><\/div>\n<\/div><\/figure>\n\n\n\n<p>DESCALIFICAN\nY SATANIZAN<\/p>\n\n\n\n<p>\u201cHoras\ndespu\u00e9s me toc\u00f3 cumplir con mi funci\u00f3n, llamadas de varias instancias gubernamentales\ncon sus recomendaciones y sugerencias, en momentos me encontraba en la caseta\ncon los demandantes y sus constantes llamadas telef\u00f3nicas, despu\u00e9s a leer los\ndesplegados de peri\u00f3dicos, de p\u00e1ginas de internet, notas amarillistas,\nfotograf\u00edas y videos que exhiben mujeres en la c\u00e1rcel, desplegados de muchas\norganizaciones solicitando la intervenci\u00f3n de las instancias correspondientes. <\/p>\n\n\n\n<p>\u201cPor segunda\nvez volvemos a ser se\u00f1alados como los violentadores, abusadores del poder, no\nlo dicen directamente pero dan a entender que esta autoridad no tiene la\ncapacidad de cumplir su funci\u00f3n, para eso est\u00e1n ellos para decir qu\u00e9 es lo\ncorrecto y no, nunca han pisado ni han vivido en estas tierras.<\/p>\n\n\n\n<p>\u201cSe al\u00edan\ncon los coterr\u00e1neos que han optado ya no vivir la dif\u00edcil y compleja\norganizaci\u00f3n comunitaria, Un pueblo ind\u00edgena m\u00e1s que no sabe gobernar, aparecen\nentonces las justificaciones de g\u00e9nero y vulnerabilidad. <\/p>\n\n\n\n<p>\u201cEste\nacontecimiento me llev\u00f3 a reflexionar y cuestionar mi fe en esta forma de\norganizaci\u00f3n comunitaria que es casi una total renuncia a la vida individual,\npersonalmente creo que lo que el pueblo ha construido y gestionado es del\npueblo y creo que tambi\u00e9n eso piensan las autoridades. <\/p>\n\n\n\n<p>\u201cSi hacemos\ncaso a las recomendaciones de no ejercer ninguna acci\u00f3n contra las mujeres que\nno quieren regresar los utensilios est\u00e1n entonces avalando que todo lo que se\nha logrado como pueblo sea repartido, como por ejemplo los instrumentos\nmusicales de las bandas filarm\u00f3nicas del pueblo, las tierras, las casas\ncomunitarias, los manantiales: yo pod\u00eda exigir que me paguen los d\u00edas que he\nservido, en pocas palabras entrar en el mundo de la modernidad e individualismo\no como conceptualmente sea correcto, donde tendr\u00edamos que pagar por los\nservicios y por la seguridad, que aclaro tambi\u00e9n es una buena elecci\u00f3n. <\/p>\n\n\n\n<p>\u201cEste caso\nno es una cuesti\u00f3n de vulnerabilidad por ser ind\u00edgenas, ni una cuesti\u00f3n de\ng\u00e9nero, es un fen\u00f3meno latente donde las autoridades que el mismo pueblo nombra\nes desconocida y desacreditada por el gobierno y sus instituciones, se\u00f1al\u00e1ndolos\ncomo criminales y faltos de sensibilidad \u00a1esos indios con sus usos y\ncostumbres! <\/p>\n\n\n\n<p>\u201cPersonalmente\nsiempre he cre\u00eddo en la igualdad entre los hombres y las mujeres,\nrespetando&nbsp; tambi\u00e9n cuando ellas&nbsp; deciden no participar en la vida pol\u00edtica\ncomunitaria, siempre he cre\u00eddo que en \u00faltima instancia se debe ejercer la\nviolencia. <\/p>\n\n\n\n<p>\u201cSolicito a\nlas instancias que luchan por las injusticias hacia la humanidad que se\nacerquen a la vida de nuestras comunidades, ayud\u00e9monos en vez de vociferar\ndesde nuestras trincheras, aquellas personas que se han ido de sus pueblos los\ninvito a participar en las asambleas, es mejor la palabra y el acto que mil\ncursos y talleres desde hermosos salones con caf\u00e9 y galletas. <\/p>\n\n\n\n<p>\u201cDe una vez\npor todas rompamos la gran barrera que nos separan. Para la gran satisfacci\u00f3n\nde los denunciantes las mujeres ya fueron liberadas, de nueva cuenta se\nintimidaron&nbsp; las autoridades, se rumora\nen el pueblo que desde ahora podemos repartirnos todo lo que sea del pueblo, total!\nEs avalado por el gobierno.<\/p>\n\n\n\n<p>\u201cEste\nescrito es de mi responsabilidad, no de la autoridad ni soy vocero mi\ncomunidad, es mi primer intento de mi libre expresi\u00f3n&nbsp; individualista\u201d.<\/p>\n","protected":false},"excerpt":{"rendered":"<p>Redacci\u00f3n\/Zona Roja. Oaxaca de Ju\u00e1rez, Oax., 4 de agosto de 2019.- Tras la retenci\u00f3n el&hellip;<\/p>\n","protected":false},"author":2,"featured_media":2814,"comment_status":"closed","ping_status":"open","sticky":false,"template":"","format":"standard","meta":{"_lmt_disableupdate":"","_lmt_disable":"","_jetpack_memberships_contains_paid_content":false,"footnotes":""},"categories":[109,47],"tags":[475,474],"class_list":["post-2813","post","type-post","status-publish","format-standard","has-post-thumbnail","hentry","category-minuto-a-minuto","category-zona-gris","tag-mujeres-retenidas-encarceladas","tag-santa-maria-alotepec-mixe"],"jetpack_featured_media_url":"https:\/\/zonaroja.com.mx\/wp-content\/uploads\/2019\/08\/Alotepec.jpg","jetpack_sharing_enabled":true,"_links":{"self":[{"href":"https:\/\/zonaroja.com.mx\/index.php?rest_route=\/wp\/v2\/posts\/2813","targetHints":{"allow":["GET"]}}],"collection":[{"href":"https:\/\/zonaroja.com.mx\/index.php?rest_route=\/wp\/v2\/posts"}],"about":[{"href":"https:\/\/zonaroja.com.mx\/index.php?rest_route=\/wp\/v2\/types\/post"}],"author":[{"embeddable":true,"href":"https:\/\/zonaroja.com.mx\/index.php?rest_route=\/wp\/v2\/users\/2"}],"replies":[{"embeddable":true,"href":"https:\/\/zonaroja.com.mx\/index.php?rest_route=%2Fwp%2Fv2%2Fcomments&post=2813"}],"version-history":[{"count":1,"href":"https:\/\/zonaroja.com.mx\/index.php?rest_route=\/wp\/v2\/posts\/2813\/revisions"}],"predecessor-version":[{"id":2815,"href":"https:\/\/zonaroja.com.mx\/index.php?rest_route=\/wp\/v2\/posts\/2813\/revisions\/2815"}],"wp:featuredmedia":[{"embeddable":true,"href":"https:\/\/zonaroja.com.mx\/index.php?rest_route=\/wp\/v2\/media\/2814"}],"wp:attachment":[{"href":"https:\/\/zonaroja.com.mx\/index.php?rest_route=%2Fwp%2Fv2%2Fmedia&parent=2813"}],"wp:term":[{"taxonomy":"category","embeddable":true,"href":"https:\/\/zonaroja.com.mx\/index.php?rest_route=%2Fwp%2Fv2%2Fcategories&post=2813"},{"taxonomy":"post_tag","embeddable":true,"href":"https:\/\/zonaroja.com.mx\/index.php?rest_route=%2Fwp%2Fv2%2Ftags&post=2813"}],"curies":[{"name":"wp","href":"https:\/\/api.w.org\/{rel}","templated":true}]}}