{"id":28131,"date":"2021-06-04T06:52:47","date_gmt":"2021-06-04T11:52:47","guid":{"rendered":"https:\/\/www.zonaroja.com.mx\/?p=28131"},"modified":"2021-06-04T06:52:49","modified_gmt":"2021-06-04T11:52:49","slug":"no-a-proyecto-minero-insisten-comunidades-de-valles-centrales-de-oaxaca","status":"publish","type":"post","link":"https:\/\/zonaroja.com.mx\/?p=28131","title":{"rendered":"No a proyecto minero, insisten comunidades de Valles Centrales de Oaxaca"},"content":{"rendered":"\n<p class=\"MsoNormal\">Evlin Arag\u00f3n\/Zona Roja.&nbsp;<\/p>\n\n\n\n<p class=\"MsoNormal\">Oaxaca de Ju\u00e1rez, Oax., 4 de junio de 2021.- Comunidades organizadas en el Frente no a la Miner\u00eda por un Futuro de Todas y Todos, exigieron a la Secretar\u00eda del Medio Ambiente (Semarnat) no autorizar la Manifestaci\u00f3n de Impacto Ambiental denominada \u201cSan Jos\u00e9 II\u201d,presentada por la empresa canadiense Fortuna Silver Mines, y cancelar el proyecto minero.&nbsp;&nbsp;<\/p>\n\n\n\n<p class=\"MsoNormal\">As\u00ed lo dieron a conocer a trav\u00e9s de un comunicado en el que evidenciaron que, dicha empresa, pretende justificar 75 obras irregulares del proyecto minero \u201cSan Jos\u00e9\u201d y ampliar el periodo de explotaci\u00f3n durante 10 a\u00f1os en los Valles Centrales de Oaxaca.&nbsp;<\/p>\n\n\n\n<p class=\"MsoNormal\">De ah\u00ed que exigieron a la Semarnat respetar la decisi\u00f3n de sus comunidades y garantizar efectivamente su derecho a un medio ambiente sano, as\u00ed como la implementaci\u00f3n de una mesa de di\u00e1logo en la que puedan ratificar su posici\u00f3n en contra de la miner\u00eda y a favor de la vida.&nbsp;&nbsp;<\/p>\n\n\n\n<p class=\"MsoNormal\">\u201cAprobar la Manifestaci\u00f3n de Impacto Ambiental denominada \u2018San Jos\u00e9 II\u2019 o implementar un&nbsp;proceso de consulta en nuestros territorios representa una traici\u00f3n a la voluntad del pueblo zapoteco de los Valles Centrales de Oaxaca y de nuestras comunidades\u201d.&nbsp;<\/p>\n\n\n\n<p class=\"MsoNormal\">Explicaron que, dicha manifestaci\u00f3n, ya fue evaluada por las comunidades quienes se oponen a la actividad minera y han mandatado la defensa y el cuidado del territorio de los Valles Centrales,&nbsp;frente a cualquier proyecto que vulnere la integridad y seguridad de su territorios y habitantes.&nbsp;<\/p>\n\n\n\n<p class=\"MsoNormal\">En este sentido rechazaron cualquier proceso de consulta implementado por las instancias del gobierno federal o estatal en sus territorios, ya que aseguran son un intento de legitimaci\u00f3n de las autoridades y empresas para imponer decisiones conforme a sus intereses.&nbsp;&nbsp;<\/p>\n\n\n\n<p class=\"MsoNormal\">Y aseguraron que, conforme a sus propias consultas, las comunidades se han manifestado en contra de los proyectos encabezados por la empresa Fortuna Silver Mines, toda vez que vulneren los derechos a la libre determinaci\u00f3n, territorio y medio ambiente sano, dichas decisiones se encuentran asentadas en nuestras actas de territorio prohibido para la miner\u00eda&nbsp;<\/p>\n\n\n\n<p class=\"MsoNormal\">\u201cRatificamos nuestra decisi\u00f3n tomada en asambleas: S\u00ed a la Vida, No a la Miner\u00eda\u201d, refieren en el documento.&nbsp;&nbsp;<\/p>\n\n\n\n<p class=\"MsoNormal\">Dentro de los firmantes se encuentran autoridades agrarias y municipales de: Magdalena Ocotl\u00e1n, San Mat\u00edas Chilazoa, San Mart\u00edn de los Canseco, Los Ocotes, El Vergel, Santa Catarina Minas, San Nicol\u00e1s Yaxe, San Dionisio Ocotepec, Coordinadora de los Pueblos Unidos del Valle de Ocotl\u00e1n. <\/p>\n","protected":false},"excerpt":{"rendered":"<p>Evlin Arag\u00f3n\/Zona Roja.&nbsp; Oaxaca de Ju\u00e1rez, Oax., 4 de junio de 2021.- Comunidades organizadas en&hellip;<\/p>\n","protected":false},"author":2,"featured_media":28130,"comment_status":"closed","ping_status":"open","sticky":false,"template":"","format":"standard","meta":{"_lmt_disableupdate":"","_lmt_disable":"","_jetpack_memberships_contains_paid_content":false,"footnotes":""},"categories":[109,47],"tags":[],"class_list":["post-28131","post","type-post","status-publish","format-standard","has-post-thumbnail","hentry","category-minuto-a-minuto","category-zona-gris"],"jetpack_featured_media_url":"https:\/\/zonaroja.com.mx\/wp-content\/uploads\/2021\/06\/img_1678.jpg","jetpack_sharing_enabled":true,"_links":{"self":[{"href":"https:\/\/zonaroja.com.mx\/index.php?rest_route=\/wp\/v2\/posts\/28131","targetHints":{"allow":["GET"]}}],"collection":[{"href":"https:\/\/zonaroja.com.mx\/index.php?rest_route=\/wp\/v2\/posts"}],"about":[{"href":"https:\/\/zonaroja.com.mx\/index.php?rest_route=\/wp\/v2\/types\/post"}],"author":[{"embeddable":true,"href":"https:\/\/zonaroja.com.mx\/index.php?rest_route=\/wp\/v2\/users\/2"}],"replies":[{"embeddable":true,"href":"https:\/\/zonaroja.com.mx\/index.php?rest_route=%2Fwp%2Fv2%2Fcomments&post=28131"}],"version-history":[{"count":1,"href":"https:\/\/zonaroja.com.mx\/index.php?rest_route=\/wp\/v2\/posts\/28131\/revisions"}],"predecessor-version":[{"id":28132,"href":"https:\/\/zonaroja.com.mx\/index.php?rest_route=\/wp\/v2\/posts\/28131\/revisions\/28132"}],"wp:featuredmedia":[{"embeddable":true,"href":"https:\/\/zonaroja.com.mx\/index.php?rest_route=\/wp\/v2\/media\/28130"}],"wp:attachment":[{"href":"https:\/\/zonaroja.com.mx\/index.php?rest_route=%2Fwp%2Fv2%2Fmedia&parent=28131"}],"wp:term":[{"taxonomy":"category","embeddable":true,"href":"https:\/\/zonaroja.com.mx\/index.php?rest_route=%2Fwp%2Fv2%2Fcategories&post=28131"},{"taxonomy":"post_tag","embeddable":true,"href":"https:\/\/zonaroja.com.mx\/index.php?rest_route=%2Fwp%2Fv2%2Ftags&post=28131"}],"curies":[{"name":"wp","href":"https:\/\/api.w.org\/{rel}","templated":true}]}}