{"id":28134,"date":"2021-06-04T08:06:25","date_gmt":"2021-06-04T13:06:25","guid":{"rendered":"https:\/\/www.zonaroja.com.mx\/?p=28134"},"modified":"2021-06-04T08:06:28","modified_gmt":"2021-06-04T13:06:28","slug":"revoca-el-ieepco-acuerdo-de-dar-lapso-de-hasta-24-horas-para-entregar-paqueteria-electoral","status":"publish","type":"post","link":"https:\/\/zonaroja.com.mx\/?p=28134","title":{"rendered":"Revoca el IEEPCO acuerdo de dar lapso de hasta 24 horas para entregar paqueter\u00eda electoral"},"content":{"rendered":"\n<p>Redacci\u00f3n\/Zona Roja. <\/p>\n\n\n\n<p>Oaxaca de Ju\u00e1rez, Oax., 4 de junio de 2021.- Tras la queja interpuesta por el Partido Morena, el Consejo General del Instituto Estatal Electoral y de Participaci\u00f3n Ciudadana (IEEPCO) revoc\u00f3 el acuerdo que se hab\u00eda tomado de dar un lapso de hasta 24 horas para la entrega de la paqueter\u00eda electoral en la capital, tras las elecciones. <\/p>\n\n\n\n<p>El \u00f3rgano electoral sesion\u00f3 anoche y determin\u00f3 desaprobar el acuerdo IEEPCO-O66-CME-09\/2021 por el que el Consejo Municipal Electoral de Oaxaca de Ju\u00e1rez hab\u00eda aprobado la ampliaci\u00f3n de plazos para la entrega de paqueter\u00eda electoral de diversas secciones electorales del municipio citado.  <\/p>\n\n\n\n<p class=\"x_x_x_x_x_x_x_x_MsoNormal\">En los Recursos de Revisi\u00f3n presentados por el representante propietario del Partido Morena ante dicho Consejo Municipal, se se\u00f1ala que el plazo de 12 a 24 horas para la entrega de paqueter\u00eda electoral vulnera el principio de legalidad en la contienda electoral. <\/p>\n\n\n\n<p class=\"x_x_x_x_x_x_x_x_MsoNormal\">Por ello, del an\u00e1lisis se desprende que, el Consejo General del IEEPCO consider\u00f3 que la justificaci\u00f3n formulada por el presidente del Consejo Municipal Electoral de Oaxaca de Ju\u00e1rez, es infundada, toda vez que como qued\u00f3 asentado, las agencias municipales y de polic\u00eda se\u00f1aladas, se encuentran en demarcaciones territoriales urbanas, mismas que cuentan con infraestructuras civiles, v\u00edas de comunicaci\u00f3n y servicios p\u00fablicos, que facilitan la entrega inmediata de los paquetes electorales. <\/p>\n\n\n\n<p class=\"x_x_x_x_x_x_x_x_MsoNormal\">\u201cCabe se\u00f1alar que, las resoluciones en sentido positivo de los recursos de revisi\u00f3n tienen como finalidad prevenir la posible afectaci\u00f3n a un derecho, a los principios rectores en la materia, o para garantizar el cumplimiento de alguna obligaci\u00f3n jur\u00eddica, en forma inmediata y eficaz, respecto al acto impugnado\u201d, indic\u00f3 en un comunicado &nbsp;<\/p>\n\n\n\n<p class=\"x_x_x_x_x_x_x_x_MsoNormal\">Por otra parte, expuso que en estricto cumplimiento a lo determinado por la Sala Superior del Tribunal Electoral del Poder Judicial de la Federaci\u00f3n en el expediente SUP-REC- 632\/2021, el Consejo General aprob\u00f3 el registro de Dante Monta\u00f1o Montero como candidato a primer concejal propietario del municipio de Santa Luc\u00eda del Camino, postulado por la candidatura com\u00fan integrada por los partidos pol\u00edticos: del Trabajo y Verde Ecologista de M\u00e9xico. <\/p>\n\n\n\n<p class=\"x_x_x_x_x_x_x_x_MsoNormal\">\u201cLo anterior, al considerar que la resoluci\u00f3n por la cual el Tribunal Electoral del Estado de Oaxaca (TEEO) determin\u00f3 que, en este caso, no existen elementos suficientes para desvirtuar la presunci\u00f3n de un modo honesto de vivir, se encuentra firme\u201d.&nbsp;<\/p>\n\n\n\n<p class=\"x_x_x_x_x_x_x_x_MsoNormal\">Finalmente, las consejeras y consejeros calificaron como jur\u00eddicamente v\u00e1lidas las elecciones en San Crist\u00f3bal Amoltepec, San Antonio Acutla, Santa Magdalena Jicotl\u00e1n, San Pedro Nopala; as\u00ed como las elecciones extraordinarias de Concepci\u00f3n P\u00e1palo, San Juan del R\u00edo, San Pedro Topiltepec y Santos Reyes Tepejillo, todos por el r\u00e9gimen de Sistemas Normativos Ind\u00edgenas. <\/p>\n","protected":false},"excerpt":{"rendered":"<p>Redacci\u00f3n\/Zona Roja. Oaxaca de Ju\u00e1rez, Oax., 4 de junio de 2021.- Tras la queja interpuesta&hellip;<\/p>\n","protected":false},"author":2,"featured_media":28133,"comment_status":"closed","ping_status":"open","sticky":false,"template":"","format":"standard","meta":{"_lmt_disableupdate":"","_lmt_disable":"","_jetpack_memberships_contains_paid_content":false,"footnotes":""},"categories":[109,47],"tags":[760],"class_list":["post-28134","post","type-post","status-publish","format-standard","has-post-thumbnail","hentry","category-minuto-a-minuto","category-zona-gris","tag-instituto-estatal-electoral-y-de-participacion-ciudadana-de-oaxaca"],"jetpack_featured_media_url":"https:\/\/zonaroja.com.mx\/wp-content\/uploads\/2021\/06\/img_1688.jpg","jetpack_sharing_enabled":true,"_links":{"self":[{"href":"https:\/\/zonaroja.com.mx\/index.php?rest_route=\/wp\/v2\/posts\/28134","targetHints":{"allow":["GET"]}}],"collection":[{"href":"https:\/\/zonaroja.com.mx\/index.php?rest_route=\/wp\/v2\/posts"}],"about":[{"href":"https:\/\/zonaroja.com.mx\/index.php?rest_route=\/wp\/v2\/types\/post"}],"author":[{"embeddable":true,"href":"https:\/\/zonaroja.com.mx\/index.php?rest_route=\/wp\/v2\/users\/2"}],"replies":[{"embeddable":true,"href":"https:\/\/zonaroja.com.mx\/index.php?rest_route=%2Fwp%2Fv2%2Fcomments&post=28134"}],"version-history":[{"count":1,"href":"https:\/\/zonaroja.com.mx\/index.php?rest_route=\/wp\/v2\/posts\/28134\/revisions"}],"predecessor-version":[{"id":28135,"href":"https:\/\/zonaroja.com.mx\/index.php?rest_route=\/wp\/v2\/posts\/28134\/revisions\/28135"}],"wp:featuredmedia":[{"embeddable":true,"href":"https:\/\/zonaroja.com.mx\/index.php?rest_route=\/wp\/v2\/media\/28133"}],"wp:attachment":[{"href":"https:\/\/zonaroja.com.mx\/index.php?rest_route=%2Fwp%2Fv2%2Fmedia&parent=28134"}],"wp:term":[{"taxonomy":"category","embeddable":true,"href":"https:\/\/zonaroja.com.mx\/index.php?rest_route=%2Fwp%2Fv2%2Fcategories&post=28134"},{"taxonomy":"post_tag","embeddable":true,"href":"https:\/\/zonaroja.com.mx\/index.php?rest_route=%2Fwp%2Fv2%2Ftags&post=28134"}],"curies":[{"name":"wp","href":"https:\/\/api.w.org\/{rel}","templated":true}]}}