{"id":28143,"date":"2021-06-04T16:26:31","date_gmt":"2021-06-04T21:26:31","guid":{"rendered":"http:\/\/www.zonaroja.com.mx\/?p=28143"},"modified":"2021-06-04T16:26:34","modified_gmt":"2021-06-04T21:26:34","slug":"conozca-los-rostros-de-oaxaca-a-traves-de-la-mirada-de-maria-del-sol","status":"publish","type":"post","link":"https:\/\/zonaroja.com.mx\/?p=28143","title":{"rendered":"Conozca los rostros de Oaxaca, a trav\u00e9s de la mirada de Mar\u00eda del Sol"},"content":{"rendered":"\n<p>Evlin Arag\u00f3n\/Zona Roja.<\/p>\n\n\n\n<p>Oaxaca de Ju\u00e1rez, Oax., 4 de junio de 2021.- \u00abAqu\u00ed est\u00e1 lo que tus ojos vieron un d\u00eda, lo que dejaste en el para siempre de esa fracci\u00f3n de segundos que detuviste en el tiempo de la luz\u00bb<\/p>\n\n\n\n<p>A Mar\u00eda de Sol Cruz Jarqu\u00edn le encantaba retratar los rostros y las miradas de mujeres y hombres de comunidades ind\u00edgenas, particularmente de ni\u00f1as y ni\u00f1os que le regalan una sonrisa a su paso. La fotograf\u00eda era su profesi\u00f3n y su pasi\u00f3n.<\/p>\n\n\n\n<p>Egresada del Centro de Medios Audiovisuales de Guadalajara, la joven se especializ\u00f3 en documentaci\u00f3n y realizaci\u00f3n fotogr\u00e1fica, conocimientos y habilidades que le permitieron capturar los rostros de Oaxaca.&nbsp;<\/p>\n\n\n\n<p>A tres a\u00f1os de su asesinato violento y a manera de homenaje, la familia de la fotorreportera inaugur\u00f3, este jueves, la exposici\u00f3n \u201cOjos de Sol\u201d en la galer\u00eda \u201cAmphibia\u201d, en la calle de Constituci\u00f3n, Centro Hist\u00f3rico de la capital, en cuyo interior se puede observar su propia visi\u00f3n del mundo, la cual dej\u00f3 para la posteridad.<\/p>\n\n\n\n<p>Soledad Jarqu\u00edn Edgar, madre de la joven, se sigue asombrando de la capacidad que ten\u00eda, la menor de sus hijas, para retratar la esencia de las personas, ello a pesar de que no contaba con un gran equipo fotogr\u00e1fico.&nbsp;&nbsp;<\/p>\n\n\n\n<p>En una breve charla, la periodista oaxaque\u00f1a asegura que cada una de las im\u00e1genes que conforman la exposici\u00f3n reflejan la esencia de Mar\u00eda de Sol, una joven noble, con una sonrisa particular y llena de sue\u00f1os por cumplir.\u00a0<\/p>\n\n\n\n<figure class=\"wp-block-embed-twitter wp-block-embed is-type-rich is-provider-twitter\"><div class=\"wp-block-embed__wrapper\">\n<div class=\"twitter-tweet\"><blockquote class=\"twitter-tweet\" data-lang=\"es\"><p lang=\"es\" dir=\"ltr\">Oaxaca de Ju\u00e1rez, Oax., a 3 de junio de 2021.- Inauguran la exposici\u00f3n fotogr\u00e1fica \u201cOjos de Sol\u201d, legado de la fotoperiodista Mar\u00eda del Sol Cruz Jarqu\u00edn. <br><br>Siga aqu\u00ed la transmisi\u00f3n:<br>\ud83d\udc47<a href=\"https:\/\/t.co\/B3UgLXV8jg\">https:\/\/t.co\/B3UgLXV8jg<\/a> <a href=\"https:\/\/t.co\/jBnMqHMxsE\">pic.twitter.com\/jBnMqHMxsE<\/a><\/p>&mdash; Zona Roja Oaxaca (@Zona_Roja_Oax) <a href=\"https:\/\/twitter.com\/Zona_Roja_Oax\/status\/1400534449905750016?ref_src=twsrc%5Etfw\">3 de junio de 2021<\/a><\/blockquote><\/div>\n<\/div><\/figure>\n\n\n\n<p>\u201cSe trata de lo que ella vio a trav\u00e9s del lente de su c\u00e1mara. Instantes que logro capturar que conforman una serie de im\u00e1genes que perpet\u00faan su existencia\u201d, relata conmovida.&nbsp;&nbsp;<\/p>\n\n\n\n<p>Los rostros de las mujeres juegan un papel importante en la exposici\u00f3n, Mar\u00eda del Sol ten\u00eda clara la importancia de retratar el quehacer de las mujeres que hist\u00f3ricamente hab\u00edan sido marginado en los medios de comunicaci\u00f3n y publicaciones de cualquier tipo.&nbsp;<\/p>\n\n\n\n<p>Por eso cada que ten\u00eda la oportunidad no dudaba en visitar pueblos y comunidades de Oaxaca para hacer el registro fotogr\u00e1fico.<\/p>\n\n\n\n<p>Y aunque se perdieron m\u00e1s de tres a\u00f1os del trabajo fotogr\u00e1fico de la joven, por el robo de su equipo de c\u00f3mputo minutos despu\u00e9s de su asesinato, las im\u00e1genes que se presentan en la galer\u00eda \u201cAmphibia\u201d representan la herencia que Mar\u00eda del Sol dej\u00f3 no s\u00f3lo a su familia, sino a todas las personas que las quieran disfrutar.&nbsp;<\/p>\n\n\n\n<p>\u201cQuiero pensar que forman parte de la esencia misma de mi hija\u201d, refiere Soledad Jarqu\u00edn.&nbsp;<\/p>\n","protected":false},"excerpt":{"rendered":"<p>Evlin Arag\u00f3n\/Zona Roja. Oaxaca de Ju\u00e1rez, Oax., 4 de junio de 2021.- \u00abAqu\u00ed est\u00e1 lo&hellip;<\/p>\n","protected":false},"author":2,"featured_media":28144,"comment_status":"closed","ping_status":"open","sticky":false,"template":"","format":"standard","meta":{"_lmt_disableupdate":"","_lmt_disable":"","_jetpack_memberships_contains_paid_content":false,"footnotes":""},"categories":[109,46],"tags":[1059],"class_list":["post-28143","post","type-post","status-publish","format-standard","has-post-thumbnail","hentry","category-minuto-a-minuto","category-zona-blanca","tag-maria-del-sol-cruz-jarquin"],"jetpack_featured_media_url":"https:\/\/zonaroja.com.mx\/wp-content\/uploads\/2021\/06\/Exposicion-Maria-del-Sol.jpg","jetpack_sharing_enabled":true,"_links":{"self":[{"href":"https:\/\/zonaroja.com.mx\/index.php?rest_route=\/wp\/v2\/posts\/28143","targetHints":{"allow":["GET"]}}],"collection":[{"href":"https:\/\/zonaroja.com.mx\/index.php?rest_route=\/wp\/v2\/posts"}],"about":[{"href":"https:\/\/zonaroja.com.mx\/index.php?rest_route=\/wp\/v2\/types\/post"}],"author":[{"embeddable":true,"href":"https:\/\/zonaroja.com.mx\/index.php?rest_route=\/wp\/v2\/users\/2"}],"replies":[{"embeddable":true,"href":"https:\/\/zonaroja.com.mx\/index.php?rest_route=%2Fwp%2Fv2%2Fcomments&post=28143"}],"version-history":[{"count":1,"href":"https:\/\/zonaroja.com.mx\/index.php?rest_route=\/wp\/v2\/posts\/28143\/revisions"}],"predecessor-version":[{"id":28145,"href":"https:\/\/zonaroja.com.mx\/index.php?rest_route=\/wp\/v2\/posts\/28143\/revisions\/28145"}],"wp:featuredmedia":[{"embeddable":true,"href":"https:\/\/zonaroja.com.mx\/index.php?rest_route=\/wp\/v2\/media\/28144"}],"wp:attachment":[{"href":"https:\/\/zonaroja.com.mx\/index.php?rest_route=%2Fwp%2Fv2%2Fmedia&parent=28143"}],"wp:term":[{"taxonomy":"category","embeddable":true,"href":"https:\/\/zonaroja.com.mx\/index.php?rest_route=%2Fwp%2Fv2%2Fcategories&post=28143"},{"taxonomy":"post_tag","embeddable":true,"href":"https:\/\/zonaroja.com.mx\/index.php?rest_route=%2Fwp%2Fv2%2Ftags&post=28143"}],"curies":[{"name":"wp","href":"https:\/\/api.w.org\/{rel}","templated":true}]}}