{"id":28149,"date":"2021-06-04T17:02:22","date_gmt":"2021-06-04T22:02:22","guid":{"rendered":"http:\/\/www.zonaroja.com.mx\/?p=28149"},"modified":"2021-06-04T17:02:26","modified_gmt":"2021-06-04T22:02:26","slug":"acuerda-teeo-notificar-a-congreso-de-oaxaca-sobre-violaciones-a-la-ley-de-la-edil-saymi-pineda","status":"publish","type":"post","link":"https:\/\/zonaroja.com.mx\/?p=28149","title":{"rendered":"Acuerda TEEO notificar a Congreso de Oaxaca sobre violaciones a la ley de la edil Saymi Pineda"},"content":{"rendered":"\n<p>Redacci\u00f3n\/Zona Roja.<\/p>\n\n\n\n<p>Oaxaca de Ju\u00e1rez, Oax., a 4 de junio de 2021.- Por unanimidad, el pleno del Tribunal Electoral del Estado de Oaxaca (TEEO) acord\u00f3 notificar al Congreso del Estado respecto a las infracciones cometidas por Saymi Adriana Pineda Velasco, presidenta municipal de San Pedro Pochutla, para que, en el \u00e1mbito de su competencia, imponga la sanci\u00f3n que amerite.<\/p>\n\n\n\n<p>En el procedimiento especial sancionador identificado con la clave PES\/63\/2021, determin\u00f3 que la concejal no retir\u00f3, dentro de los plazos previstos por la ley, el video de su segundo informe de labores publicado en su cuenta personal de Facebook.<\/p>\n\n\n\n<p>Adem\u00e1s, se advirti\u00f3, que tampoco notific\u00f3 al Instituto Estatal Electoral respecto a este suceso y menos a\u00fan de los medios de comunicaci\u00f3n en los que se divulgar\u00eda.<\/p>\n\n\n\n<p>El 15 de diciembre, la denunciada public\u00f3 en su cuenta de Facebook un video en el que daba cuenta de su segundo informe de labores como presidenta municipal, el cual conserv\u00f3 100 d\u00edas posteriores a su realizaci\u00f3n y cuatro d\u00edas antes del inicio formal del periodo de campa\u00f1as, seg\u00fan se constat\u00f3 en la diligencia de fecha treinta y uno de marzo pasado, efectuada por la autoridad instructora.<\/p>\n\n\n\n<figure class=\"wp-block-embed-twitter wp-block-embed is-type-rich is-provider-twitter\"><div class=\"wp-block-embed__wrapper\">\n<div class=\"twitter-tweet\"><blockquote class=\"twitter-tweet\" data-lang=\"es\"><p lang=\"es\" dir=\"ltr\">Resoluci\u00f3n del expediente PES\/63\/2021<br>San Pedro Pochutla <a href=\"https:\/\/twitter.com\/hashtag\/Oaxaca?src=hash&amp;ref_src=twsrc%5Etfw\">#Oaxaca<\/a> <a href=\"https:\/\/t.co\/KgXJoBJZaQ\">pic.twitter.com\/KgXJoBJZaQ<\/a><\/p>&mdash; TEEO (@TEEOax) <a href=\"https:\/\/twitter.com\/TEEOax\/status\/1400923959848325123?ref_src=twsrc%5Etfw\">4 de junio de 2021<\/a><\/blockquote><\/div>\n<\/div><\/figure>\n\n\n\n<p>En el estudio de este asunto, la magistrada y magistrados argumentaron que, de acuerdo con la Ley de Instituciones y Procedimientos Electorales del estado, durante los procesos electorales est\u00e1 prohibida la difusi\u00f3n de propaganda gubernamental, siendo los informes una excepci\u00f3n a dicha regla, siempre y cuando \u00e9stos se limiten a una vez por a\u00f1o, se d\u00e9 aviso por escrito al Instituto Electoral Local respecto de la fecha en que se rendir\u00e1n y los medios de comunicaci\u00f3n en que se divulgar\u00e1n.<\/p>\n\n\n\n<p>Con la limitante que su difusi\u00f3n no podr\u00e1 exceder de los siete d\u00edas previos ni cinco d\u00edas posteriores a su verificaci\u00f3n.<\/p>\n\n\n\n<p>En este expediente, el \u00f3rgano jurisdiccional concluy\u00f3 que no se est\u00e1 ante una promoci\u00f3n personalizada de la denunciada como hizo valer por el partido pol\u00edtico Verde Ecologista de M\u00e9xico, y que tampoco se realiz\u00f3 un uso indebido de recursos p\u00fablicos.<\/p>\n\n\n\n<p>Saymi Pineda es militante del Partido Morena y busca la reelecci\u00f3n a la presidencia municipal por el mismo instituto pol\u00edtico.<\/p>\n","protected":false},"excerpt":{"rendered":"<p>Redacci\u00f3n\/Zona Roja. Oaxaca de Ju\u00e1rez, Oax., a 4 de junio de 2021.- Por unanimidad, el&hellip;<\/p>\n","protected":false},"author":2,"featured_media":28150,"comment_status":"closed","ping_status":"open","sticky":false,"template":"","format":"standard","meta":{"_lmt_disableupdate":"","_lmt_disable":"","_jetpack_memberships_contains_paid_content":false,"footnotes":""},"categories":[109,47],"tags":[151,2714],"class_list":["post-28149","post","type-post","status-publish","format-standard","has-post-thumbnail","hentry","category-minuto-a-minuto","category-zona-gris","tag-san-pedro-pochutla","tag-saymi-pineda-velasco"],"jetpack_featured_media_url":"https:\/\/zonaroja.com.mx\/wp-content\/uploads\/2021\/06\/Saymi-Pineda-Velasco.jpg","jetpack_sharing_enabled":true,"_links":{"self":[{"href":"https:\/\/zonaroja.com.mx\/index.php?rest_route=\/wp\/v2\/posts\/28149","targetHints":{"allow":["GET"]}}],"collection":[{"href":"https:\/\/zonaroja.com.mx\/index.php?rest_route=\/wp\/v2\/posts"}],"about":[{"href":"https:\/\/zonaroja.com.mx\/index.php?rest_route=\/wp\/v2\/types\/post"}],"author":[{"embeddable":true,"href":"https:\/\/zonaroja.com.mx\/index.php?rest_route=\/wp\/v2\/users\/2"}],"replies":[{"embeddable":true,"href":"https:\/\/zonaroja.com.mx\/index.php?rest_route=%2Fwp%2Fv2%2Fcomments&post=28149"}],"version-history":[{"count":1,"href":"https:\/\/zonaroja.com.mx\/index.php?rest_route=\/wp\/v2\/posts\/28149\/revisions"}],"predecessor-version":[{"id":28151,"href":"https:\/\/zonaroja.com.mx\/index.php?rest_route=\/wp\/v2\/posts\/28149\/revisions\/28151"}],"wp:featuredmedia":[{"embeddable":true,"href":"https:\/\/zonaroja.com.mx\/index.php?rest_route=\/wp\/v2\/media\/28150"}],"wp:attachment":[{"href":"https:\/\/zonaroja.com.mx\/index.php?rest_route=%2Fwp%2Fv2%2Fmedia&parent=28149"}],"wp:term":[{"taxonomy":"category","embeddable":true,"href":"https:\/\/zonaroja.com.mx\/index.php?rest_route=%2Fwp%2Fv2%2Fcategories&post=28149"},{"taxonomy":"post_tag","embeddable":true,"href":"https:\/\/zonaroja.com.mx\/index.php?rest_route=%2Fwp%2Fv2%2Ftags&post=28149"}],"curies":[{"name":"wp","href":"https:\/\/api.w.org\/{rel}","templated":true}]}}