{"id":28152,"date":"2021-06-04T20:40:34","date_gmt":"2021-06-05T01:40:34","guid":{"rendered":"http:\/\/www.zonaroja.com.mx\/?p=28152"},"modified":"2021-06-04T20:41:39","modified_gmt":"2021-06-05T01:41:39","slug":"ya-son-cinco-comunidades-de-oaxaca-las-que-impediran-instalacion-de-casillas","status":"publish","type":"post","link":"https:\/\/zonaroja.com.mx\/?p=28152","title":{"rendered":"Ya son cinco comunidades de Oaxaca las que impedir\u00e1n instalaci\u00f3n de casillas"},"content":{"rendered":"\n<p>Ismael Garc\u00eda M.\/Zona Roja.<\/p>\n\n\n\n<p>Oaxaca de Ju\u00e1rez, Oax., 4 de junio de 2021.- Adem\u00e1s de Santa Catarina Yetzel\u00e1lag, pobladores de las comunidades de San Miguel, San Gabriel, Santos Degollado y la cabecera municipal de San Juan Bautista Guelache, impedir\u00e1n la instalaci\u00f3n de casillas, el pr\u00f3ximo domingo 6 de junio.<\/p>\n\n\n\n<p>As\u00ed lo dieron a conocer a trav\u00e9s de comunicados, al argumentar la nula atenci\u00f3n por parte de la Secretar\u00eda General de Gobierno (Segego), que encabeza Francisco Garc\u00eda L\u00f3pez, a sus demandas.<\/p>\n\n\n\n<p>En el caso de las localidades de Guelache, pertenecientes al distrito de Etla, denunciaron que desde la Segego se orquesta una imposici\u00f3n de un comisionado municipal.<\/p>\n\n\n\n<p>Ello pese a que existen todas las condiciones para el nombramiento del consejo de administraci\u00f3n municipal, mandatada en sentencia de la Sala Regional Xalapa del Tribunal Electoral del Poder Judicial de la Federaci\u00f3n.<\/p>\n\n\n\n<p>Advirtieron que la Secretar\u00eda General de Gobierno ha obstaculizado todos los procesos para que los propios pobladores de San Juan Bautista Guelache puedan elegir y designar a sus autoridades.<\/p>\n\n\n\n<figure class=\"wp-block-image size-large is-style-default\"><img decoding=\"async\" width=\"573\" height=\"460\" src=\"http:\/\/www.zonaroja.com.mx\/wp-content\/uploads\/2021\/06\/Guelache.png\" alt=\"\" class=\"wp-image-28155\" srcset=\"https:\/\/zonaroja.com.mx\/wp-content\/uploads\/2021\/06\/Guelache.png 573w, https:\/\/zonaroja.com.mx\/wp-content\/uploads\/2021\/06\/Guelache-300x241.png 300w\" sizes=\"(max-width: 573px) 100vw, 573px\" \/><\/figure>\n\n\n\n<p>POR NULA REUBICACI\u00d3N<\/p>\n\n\n\n<p>Por su parte, la comunidad de Santa Catarina Yetzel\u00e1lag, municipio del distrito de Villa Alta, inform\u00f3 que en asamblea del d\u00eda 2 de junio del 2021, acordaron no permitir instalaci\u00f3n de casillas, pues \u201cpor m\u00e1s de 11 a\u00f1os ning\u00fan&nbsp; partido pol\u00edtico se&nbsp; acerc\u00f3 y se olvidaron de la comunidad y los dejaron en completo abandono\u201d.<\/p>\n\n\n\n<p>\u00abNos embarga una profunda tristeza y un leg\u00edtimo e intenso enojo, al sentimos usados y abandonados por los diversos partidos pol\u00edticos en su tumo al gobierno, la omisi\u00f3n de los gobiernos de izquierda y derecha ha sido constante e indiferente al nivel (estatal o federal) en que se han desempe\u00f1ado\u201d, difundieron en un comunicado.<\/p>\n\n\n\n<p>En concreto se refirieron a la problem\u00e1tica de reubicaci\u00f3n y\/o rehabilitaci\u00f3n de viviendas da\u00f1adas por fen\u00f3menos naturales, por lo cual mantendr\u00e1n bloqueados los accesos a la comunidad, de la regi\u00f3n Sierra Norte.<\/p>\n","protected":false},"excerpt":{"rendered":"<p>Ismael Garc\u00eda M.\/Zona Roja. Oaxaca de Ju\u00e1rez, Oax., 4 de junio de 2021.- Adem\u00e1s de&hellip;<\/p>\n","protected":false},"author":2,"featured_media":28153,"comment_status":"closed","ping_status":"open","sticky":false,"template":"","format":"standard","meta":{"_lmt_disableupdate":"","_lmt_disable":"","_jetpack_memberships_contains_paid_content":false,"footnotes":""},"categories":[109,47],"tags":[2726],"class_list":["post-28152","post","type-post","status-publish","format-standard","has-post-thumbnail","hentry","category-minuto-a-minuto","category-zona-gris","tag-santa-catarina-yetzelalag"],"jetpack_featured_media_url":"https:\/\/zonaroja.com.mx\/wp-content\/uploads\/2021\/06\/Yetzelalag.jpg","jetpack_sharing_enabled":true,"_links":{"self":[{"href":"https:\/\/zonaroja.com.mx\/index.php?rest_route=\/wp\/v2\/posts\/28152","targetHints":{"allow":["GET"]}}],"collection":[{"href":"https:\/\/zonaroja.com.mx\/index.php?rest_route=\/wp\/v2\/posts"}],"about":[{"href":"https:\/\/zonaroja.com.mx\/index.php?rest_route=\/wp\/v2\/types\/post"}],"author":[{"embeddable":true,"href":"https:\/\/zonaroja.com.mx\/index.php?rest_route=\/wp\/v2\/users\/2"}],"replies":[{"embeddable":true,"href":"https:\/\/zonaroja.com.mx\/index.php?rest_route=%2Fwp%2Fv2%2Fcomments&post=28152"}],"version-history":[{"count":2,"href":"https:\/\/zonaroja.com.mx\/index.php?rest_route=\/wp\/v2\/posts\/28152\/revisions"}],"predecessor-version":[{"id":28156,"href":"https:\/\/zonaroja.com.mx\/index.php?rest_route=\/wp\/v2\/posts\/28152\/revisions\/28156"}],"wp:featuredmedia":[{"embeddable":true,"href":"https:\/\/zonaroja.com.mx\/index.php?rest_route=\/wp\/v2\/media\/28153"}],"wp:attachment":[{"href":"https:\/\/zonaroja.com.mx\/index.php?rest_route=%2Fwp%2Fv2%2Fmedia&parent=28152"}],"wp:term":[{"taxonomy":"category","embeddable":true,"href":"https:\/\/zonaroja.com.mx\/index.php?rest_route=%2Fwp%2Fv2%2Fcategories&post=28152"},{"taxonomy":"post_tag","embeddable":true,"href":"https:\/\/zonaroja.com.mx\/index.php?rest_route=%2Fwp%2Fv2%2Ftags&post=28152"}],"curies":[{"name":"wp","href":"https:\/\/api.w.org\/{rel}","templated":true}]}}