{"id":28157,"date":"2021-06-04T21:22:53","date_gmt":"2021-06-05T02:22:53","guid":{"rendered":"http:\/\/www.zonaroja.com.mx\/?p=28157"},"modified":"2021-06-04T21:22:55","modified_gmt":"2021-06-05T02:22:55","slug":"alerta-diputado-sobre-actuacion-sesgada-del-ieepco","status":"publish","type":"post","link":"https:\/\/zonaroja.com.mx\/?p=28157","title":{"rendered":"Alerta diputado sobre actuaci\u00f3n sesgada del IEEPCO"},"content":{"rendered":"\n<p>Ismael Garc\u00eda M.\/Zona Roja.<\/p>\n\n\n\n<p>Oaxaca de Ju\u00e1rez, Oax., 4 de junio de 2021.- El diputado local C\u00e9sar Morales Ni\u00f1o denunci\u00f3 la actuaci\u00f3n sesgada del Instituto Estatal Electoral y de Participaci\u00f3n Ciudadana de Oaxaca (IEEPCO), lo que pondr\u00eda en riesgo las elecciones del pr\u00f3ximo domingo 6 de junio.<\/p>\n\n\n\n<p>Desde hace varias semanas, el legislador ahora de la fracci\u00f3n parlamentaria de Morena en la 64 Legislatura, ya hab\u00eda advertido dichas irregularidades e incluso hab\u00eda pedido que el Instituto Nacional Electoral (INE) se hiciera cargo del proceso comicial en la entidad.<\/p>\n\n\n\n<p>El pasado mi\u00e9rcoles, en la sesi\u00f3n de la Diputaci\u00f3n Permanente, Morales Ni\u00f1o present\u00f3 un Punto de Acuerdo para que el Congreso del Estado exhorte al Consejo General del IEEPCO, a fin de que el d\u00eda de la jornada electoral vigile escrupulosamente que la entrega de los paquetes electorales se realice a la brevedad posible.<\/p>\n\n\n\n<p>Asimismo, recomiende a los consejos distritales y municipales que eviten cualquier demora para no generar sospecha de alteraci\u00f3n de dichos paquetes, particularmente en el Consejo Municipal de Oaxaca de Ju\u00e1rez, \u201cque sospechosamente ampli\u00f3 el plazo para la entrega de paquetes electorales, aun cuando todo el municipio es zona urbana\u201d.<\/p>\n\n\n\n<p>Indic\u00f3 que este planteamiento tiene como finalidad evitar suspicacias y cualquier intento de manipular los paquetes electorales, por lo que el organismo electoral debe poner especial vigilancia a circunstancias como estas.<\/p>\n\n\n\n<p>Record\u00f3 que el Consejo Electoral correspondiente a la capital modific\u00f3 el pasado 30 de mayo el plazo de entrega de los paquetes electorales con las boletas ya utilizadas, hasta a 24 horas, una vez concluidas las votaciones del 6 de junio.<\/p>\n\n\n\n<p>\u201cEllo es altamente cuestionable, porque todo el municipio, incluyendo las agencias y barrios m\u00e1s alejados, son zonas urbanas, con v\u00edas de comunicaci\u00f3n, accesos y medios de transporte de f\u00e1cil ubicaci\u00f3n, por ello no se justifica la ampliaci\u00f3n del plazo para la entrega de los paquetes electorales, porque desde el punto m\u00e1s lejano del municipio hasta las oficinas del Consejo Municipal, el tiempo m\u00e1ximo de traslado ser\u00eda de una hora\u201d, dijo en su exposici\u00f3n.<\/p>\n\n\n\n<p>Tras la advertencia, el Consejo General del IEEPCO revoc\u00f3 hace dos d\u00edas dicho acuerdo municipal.<\/p>\n\n\n\n<p>Por otra parte, C\u00e9sar Morales Ni\u00f1o exhort\u00f3 a la ciudadan\u00eda para que el pr\u00f3ximo domingo salgan todos a votar, con libertad, sin miedo, \u201cdecidiendo siempre por el bien de nuestra Patria y de nuestro estado, por el bien de nuestras familias. Votemos, M\u00e9xico ha cambiado con la fuerza de la participaci\u00f3n ciudadana. Volvamos a salir masivamente a las urnas\u201d, manifest\u00f3.<\/p>\n\n\n\n<p>Record\u00f3 que el pr\u00f3ximo domingo se llevar\u00e1 a cabo la jornada electoral concurrente de elecciones federales y locales, se elegir\u00e1n diputaciones federales, diputaciones locales y concejal\u00edas de los ayuntamientos.<\/p>\n\n\n\n<p>\u201cEn esta nueva etapa democr\u00e1tica del pa\u00eds, es necesario tomar todas las medidas de prevenci\u00f3n, fortalecimiento de los mecanismos de trasparencia y certeza, para evitar que esas pr\u00e1cticas tramposas del pasado regresen, pero tambi\u00e9n se debe evitar la suspicacia y la generaci\u00f3n de momentos de riesgo\u201d, remarc\u00f3.<\/p>\n","protected":false},"excerpt":{"rendered":"<p>Ismael Garc\u00eda M.\/Zona Roja. Oaxaca de Ju\u00e1rez, Oax., 4 de junio de 2021.- El diputado&hellip;<\/p>\n","protected":false},"author":2,"featured_media":28158,"comment_status":"closed","ping_status":"open","sticky":false,"template":"","format":"standard","meta":{"_lmt_disableupdate":"","_lmt_disable":"","_jetpack_memberships_contains_paid_content":false,"footnotes":""},"categories":[109,46],"tags":[612],"class_list":["post-28157","post","type-post","status-publish","format-standard","has-post-thumbnail","hentry","category-minuto-a-minuto","category-zona-blanca","tag-cesar-morales-nino"],"jetpack_featured_media_url":"https:\/\/zonaroja.com.mx\/wp-content\/uploads\/2021\/06\/Cesar-Morales.jpg","jetpack_sharing_enabled":true,"_links":{"self":[{"href":"https:\/\/zonaroja.com.mx\/index.php?rest_route=\/wp\/v2\/posts\/28157","targetHints":{"allow":["GET"]}}],"collection":[{"href":"https:\/\/zonaroja.com.mx\/index.php?rest_route=\/wp\/v2\/posts"}],"about":[{"href":"https:\/\/zonaroja.com.mx\/index.php?rest_route=\/wp\/v2\/types\/post"}],"author":[{"embeddable":true,"href":"https:\/\/zonaroja.com.mx\/index.php?rest_route=\/wp\/v2\/users\/2"}],"replies":[{"embeddable":true,"href":"https:\/\/zonaroja.com.mx\/index.php?rest_route=%2Fwp%2Fv2%2Fcomments&post=28157"}],"version-history":[{"count":1,"href":"https:\/\/zonaroja.com.mx\/index.php?rest_route=\/wp\/v2\/posts\/28157\/revisions"}],"predecessor-version":[{"id":28159,"href":"https:\/\/zonaroja.com.mx\/index.php?rest_route=\/wp\/v2\/posts\/28157\/revisions\/28159"}],"wp:featuredmedia":[{"embeddable":true,"href":"https:\/\/zonaroja.com.mx\/index.php?rest_route=\/wp\/v2\/media\/28158"}],"wp:attachment":[{"href":"https:\/\/zonaroja.com.mx\/index.php?rest_route=%2Fwp%2Fv2%2Fmedia&parent=28157"}],"wp:term":[{"taxonomy":"category","embeddable":true,"href":"https:\/\/zonaroja.com.mx\/index.php?rest_route=%2Fwp%2Fv2%2Fcategories&post=28157"},{"taxonomy":"post_tag","embeddable":true,"href":"https:\/\/zonaroja.com.mx\/index.php?rest_route=%2Fwp%2Fv2%2Ftags&post=28157"}],"curies":[{"name":"wp","href":"https:\/\/api.w.org\/{rel}","templated":true}]}}