{"id":28160,"date":"2021-06-04T22:29:51","date_gmt":"2021-06-05T03:29:51","guid":{"rendered":"http:\/\/www.zonaroja.com.mx\/?p=28160"},"modified":"2021-06-04T22:29:54","modified_gmt":"2021-06-05T03:29:54","slug":"omite-fiscalia-de-oaxaca-resguardar-bodega-de-despensas-y-ciudadanos-la-saquean","status":"publish","type":"post","link":"https:\/\/zonaroja.com.mx\/?p=28160","title":{"rendered":"Omite Fiscal\u00eda de Oaxaca resguardar bodega de despensas y ciudadanos la saquean"},"content":{"rendered":"\n<p>Ismael Garc\u00eda M.\/Zona Roja.<\/p>\n\n\n\n<p>Oaxaca de Ju\u00e1rez, Oax., 4 de junio de 2021.- Al menos tres bodegas de despensas, presuntamente para coaccionar el voto, fueron saqueadas este viernes en Oaxaca, sin que los polic\u00edas municipales o la Fiscal\u00eda General del Estado actuaran.<\/p>\n\n\n\n<p>El primer caso ocurri\u00f3 alrededor de las 17:00 horas en la calle 12 de Septiembre de Santa Luc\u00eda del Camino, casi en la colindancia con el municipio de Santa Cruz Amilpas y a unos metros de la avenida L\u00e1zaro C\u00e1rdenas.<\/p>\n\n\n\n<p>La bodega fue denunciada ayer y resguardada durante todo el d\u00eda por polic\u00edas municipales de Santa Luc\u00eda, en espera de personal de la Fiscal\u00eda General, que preside Arturo Peimbert.<\/p>\n\n\n\n<figure class=\"wp-block-embed-twitter wp-block-embed is-type-rich is-provider-twitter\"><div class=\"wp-block-embed__wrapper\">\n<div class=\"twitter-tweet\"><blockquote class=\"twitter-tweet\" data-lang=\"es\"><p lang=\"es\" dir=\"ltr\"><a href=\"https:\/\/twitter.com\/hashtag\/%C3%9AltimoMinuto?src=hash&amp;ref_src=twsrc%5Etfw\">#\u00daltimoMinuto<\/a> <br>En motos, coches, camionetas de lujo, bicicletas o a pie, as\u00ed fue el saqueo de despensas; hasta un choque de veh\u00edculos hubo. <br>La polic\u00eda del <a href=\"https:\/\/twitter.com\/MunSantaLucia?ref_src=twsrc%5Etfw\">@MunSantaLucia<\/a> jam\u00e1s lleg\u00f3 y la <a href=\"https:\/\/twitter.com\/FISCALIA_GobOax?ref_src=twsrc%5Etfw\">@FISCALIA_GobOax<\/a> no resguard\u00f3 la bodega. <a href=\"https:\/\/t.co\/paQndwndvR\">pic.twitter.com\/paQndwndvR<\/a><\/p>&mdash; Zona Roja Oaxaca (@Zona_Roja_Oax) <a href=\"https:\/\/twitter.com\/Zona_Roja_Oax\/status\/1401003524285206529?ref_src=twsrc%5Etfw\">5 de junio de 2021<\/a><\/blockquote><\/div>\n<\/div><\/figure>\n\n\n\n<p>Sin embargo, la autoridad ministerial no lleg\u00f3, por lo cual tuvieron que retirarse los uniformados.<\/p>\n\n\n\n<p>Y este viernes, despu\u00e9s de las 14:00 horas comenz\u00f3 el rumor de probable saqueo de despensas, lo que se concret\u00f3 posteriormente, en que cientos de pobladores, en motocicleta, coches, camionetas, bicicletas o a pie, vaciaron la bodega; ninguna autoridad lleg\u00f3 al lugar.<\/p>\n\n\n\n<p>En el interior de la bodega se hallaron dos veh\u00edculos, una camioneta de modelo antigua con una ventanilla rota, y un coche de modelo reciente, marca Volkswagen, con placas de circulaci\u00f3n TLW-8909.<\/p>\n\n\n\n<figure class=\"wp-block-embed-twitter wp-block-embed is-type-rich is-provider-twitter\"><div class=\"wp-block-embed__wrapper\">\n<div class=\"twitter-tweet\"><blockquote class=\"twitter-tweet\" data-lang=\"es\"><p lang=\"es\" dir=\"ltr\"><a href=\"https:\/\/twitter.com\/hashtag\/%C3%9AltimoMinuto?src=hash&amp;ref_src=twsrc%5Etfw\">#\u00daltimoMinuto<\/a> <br>Otro saqueo de bodega con despensas, ahora en San Juan Bautista <a href=\"https:\/\/twitter.com\/hashtag\/Tuxtepec?src=hash&amp;ref_src=twsrc%5Etfw\">#Tuxtepec<\/a>, <a href=\"https:\/\/twitter.com\/hashtag\/Oaxaca?src=hash&amp;ref_src=twsrc%5Etfw\">#Oaxaca<\/a>. <br>Seg\u00fan los vecinos, presuntamente ser\u00edan de No\u00e9 Ram\u00edrez Ch\u00e1vez, candidato a edil de Movimiento Ciudadano. <a href=\"https:\/\/t.co\/EQdPuw3gJj\">pic.twitter.com\/EQdPuw3gJj<\/a><\/p>&mdash; Zona Roja Oaxaca (@Zona_Roja_Oax) <a href=\"https:\/\/twitter.com\/Zona_Roja_Oax\/status\/1400979297737887744?ref_src=twsrc%5Etfw\">5 de junio de 2021<\/a><\/blockquote><\/div>\n<\/div><\/figure>\n\n\n\n<p>TAMBI\u00c9N TUXTEPEC.<\/p>\n\n\n\n<p>Otro caso fue tambi\u00e9n esta tarde, en un domicilio de la colonia Esperanza, del municipio de San Juan Bautista Tuxtepec, \u00e9ste de despensas presuntamente para favorecer al candidato a edil del Partido Movimiento Ciudadano, No\u00e9 Ram\u00edrez Ch\u00e1vez. Tampoco llegaron polic\u00edas municipales al lugar para impedir los hechos.<\/p>\n\n\n\n<p>Y esta noche, poco despu\u00e9s de las 21:30 horas, otra bodega fue saqueada, en este caso en la calle Crespo del centro de la ciudad de Oaxaca, frente a la sede del asilo municipal.<\/p>\n\n\n\n<p>De la misma manera, cientos de personas cargaron con cajas, paquetes completos de papel higi\u00e9nico y dem\u00e1s b\u00e1sicos, y hasta con bultos de az\u00facar. Tampoco lleg\u00f3 la autoridad municipal o ministerial a la zona.<\/p>\n\n\n\n<p>En este \u00faltimo caso a\u00fan no se ha definido de qui\u00e9n o para qui\u00e9n ser\u00edan las despensas, aunque seg\u00fan los primeros informes, con ello apoyar\u00edan a Laura Vignon, quien busca la diputaci\u00f3n local.<\/p>\n\n\n\n<figure class=\"wp-block-embed-twitter wp-block-embed is-type-rich is-provider-twitter\"><div class=\"wp-block-embed__wrapper\">\n<div class=\"twitter-tweet\"><blockquote class=\"twitter-tweet\" data-lang=\"es\"><p lang=\"es\" dir=\"ltr\"><a href=\"https:\/\/twitter.com\/hashtag\/%C3%9AltimoMinuto?src=hash&amp;ref_src=twsrc%5Etfw\">#\u00daltimoMinuto<\/a> <br>\u00a1Otra bodega con despensas!&#8230; y saqueo. <br>Los hechos esta noche, en la calle Crespo del centro de la ciudad de <a href=\"https:\/\/twitter.com\/hashtag\/Oaxaca?src=hash&amp;ref_src=twsrc%5Etfw\">#Oaxaca<\/a>. <br>\u00a1Ciudadanos cargan con todo!, hasta bultos de az\u00facar. <a href=\"https:\/\/t.co\/lnAwdVSOAr\">pic.twitter.com\/lnAwdVSOAr<\/a><\/p>&mdash; Zona Roja Oaxaca (@Zona_Roja_Oax) <a href=\"https:\/\/twitter.com\/Zona_Roja_Oax\/status\/1401011445475594243?ref_src=twsrc%5Etfw\">5 de junio de 2021<\/a><\/blockquote><\/div>\n<\/div><\/figure>\n","protected":false},"excerpt":{"rendered":"<p>Ismael Garc\u00eda M.\/Zona Roja. Oaxaca de Ju\u00e1rez, Oax., 4 de junio de 2021.- Al menos&hellip;<\/p>\n","protected":false},"author":2,"featured_media":28161,"comment_status":"closed","ping_status":"open","sticky":false,"template":"","format":"standard","meta":{"_lmt_disableupdate":"","_lmt_disable":"","_jetpack_memberships_contains_paid_content":false,"footnotes":""},"categories":[1],"tags":[],"class_list":["post-28160","post","type-post","status-publish","format-standard","has-post-thumbnail","hentry","category-sin-categoria"],"jetpack_featured_media_url":"https:\/\/zonaroja.com.mx\/wp-content\/uploads\/2021\/06\/Bodega-despensas-Santa-Lucia.jpg","jetpack_sharing_enabled":true,"_links":{"self":[{"href":"https:\/\/zonaroja.com.mx\/index.php?rest_route=\/wp\/v2\/posts\/28160","targetHints":{"allow":["GET"]}}],"collection":[{"href":"https:\/\/zonaroja.com.mx\/index.php?rest_route=\/wp\/v2\/posts"}],"about":[{"href":"https:\/\/zonaroja.com.mx\/index.php?rest_route=\/wp\/v2\/types\/post"}],"author":[{"embeddable":true,"href":"https:\/\/zonaroja.com.mx\/index.php?rest_route=\/wp\/v2\/users\/2"}],"replies":[{"embeddable":true,"href":"https:\/\/zonaroja.com.mx\/index.php?rest_route=%2Fwp%2Fv2%2Fcomments&post=28160"}],"version-history":[{"count":1,"href":"https:\/\/zonaroja.com.mx\/index.php?rest_route=\/wp\/v2\/posts\/28160\/revisions"}],"predecessor-version":[{"id":28162,"href":"https:\/\/zonaroja.com.mx\/index.php?rest_route=\/wp\/v2\/posts\/28160\/revisions\/28162"}],"wp:featuredmedia":[{"embeddable":true,"href":"https:\/\/zonaroja.com.mx\/index.php?rest_route=\/wp\/v2\/media\/28161"}],"wp:attachment":[{"href":"https:\/\/zonaroja.com.mx\/index.php?rest_route=%2Fwp%2Fv2%2Fmedia&parent=28160"}],"wp:term":[{"taxonomy":"category","embeddable":true,"href":"https:\/\/zonaroja.com.mx\/index.php?rest_route=%2Fwp%2Fv2%2Fcategories&post=28160"},{"taxonomy":"post_tag","embeddable":true,"href":"https:\/\/zonaroja.com.mx\/index.php?rest_route=%2Fwp%2Fv2%2Ftags&post=28160"}],"curies":[{"name":"wp","href":"https:\/\/api.w.org\/{rel}","templated":true}]}}