{"id":28163,"date":"2021-06-04T22:47:21","date_gmt":"2021-06-05T03:47:21","guid":{"rendered":"http:\/\/www.zonaroja.com.mx\/?p=28163"},"modified":"2021-06-04T22:47:24","modified_gmt":"2021-06-05T03:47:24","slug":"no-baja-de-intensidad-el-covid-en-oaxaca-pero-seguira-en-verde","status":"publish","type":"post","link":"https:\/\/zonaroja.com.mx\/?p=28163","title":{"rendered":"No baja de intensidad el Covid en Oaxaca\u2026 pero seguir\u00e1 en verde"},"content":{"rendered":"\n<p>Redacci\u00f3n\/Zona Roja.<\/p>\n\n\n\n<p>Oaxaca de Ju\u00e1rez, Oax., 4 de junio de 2021.- Los casos de Covid-19 en Oaxaca no bajan y este viernes los Servicios de Salud reportaron siete decesos y 35 positivos.<\/p>\n\n\n\n<p>Pese a ello, la Secretar\u00eda de Salud del gobierno federal determin\u00f3 que esta entidad contin\u00fae otras dos semanas en sem\u00e1foro epidemiol\u00f3gico verde, que significa bajo riesgo de contagio.<\/p>\n\n\n\n<p>De acuerdo con los SSO, al corte de este viernes, se han registrado 35 casos nuevos en 22 municipios, y siete decesos, que contabilizan 47 mil 387 casos acumulados y tres mil 756 defunciones, hay 214 casos activos.<\/p>\n\n\n\n<figure class=\"wp-block-embed-twitter wp-block-embed is-type-rich is-provider-twitter\"><div class=\"wp-block-embed__wrapper\">\n<div class=\"twitter-tweet\"><blockquote class=\"twitter-tweet\" data-lang=\"es\"><p lang=\"es\" dir=\"ltr\"><a href=\"https:\/\/twitter.com\/hashtag\/%C3%9AltimoMinuto?src=hash&amp;ref_src=twsrc%5Etfw\">#\u00daltimoMinuto<\/a> <br>El estado de <a href=\"https:\/\/twitter.com\/hashtag\/Oaxaca?src=hash&amp;ref_src=twsrc%5Etfw\">#Oaxaca<\/a> continuar\u00e1 otros 15 d\u00edas en sem\u00e1foro epidemiol\u00f3gico color verde por Covid-19; la Secretar\u00eda de salud federal considera que son m\u00ednimos los casos que registra en la entidad. <a href=\"https:\/\/t.co\/At1h81deq9\">pic.twitter.com\/At1h81deq9<\/a><\/p>&mdash; Zona Roja Oaxaca (@Zona_Roja_Oax) <a href=\"https:\/\/twitter.com\/Zona_Roja_Oax\/status\/1400977160983175173?ref_src=twsrc%5Etfw\">5 de junio de 2021<\/a><\/blockquote><\/div>\n<\/div><\/figure>\n\n\n\n<p>En un comunicado, detall\u00f3 que se han notificado 79 mil 589 casos de los cuales 27 mil 484 han sido negativos, hay cuatro mil 718 sospechosos y 43 mil 417 se han recuperado.<\/p>\n\n\n\n<p>Por Jurisdicci\u00f3n Sanitaria, Valles Centrales contabiliza 32 mil 155 casos confirmados y mil 897 defunciones; Istmo cuatro mil 131 confirmados y 678 fallecimientos; Tuxtepec dos mil 930 confirmados y 353 muertes; Costa dos mil 456 confirmados y 271 defunciones; Mixteca cuatro mil 019 confirmados y 360 fallecimientos; Sierra mil 696 confirmados y 197 muertes.<\/p>\n\n\n\n<p>Los 35 casos nuevos se registraron en 22 municipios, siendo el de Santiago Matatl\u00e1n el que registra cuatro, seguido de Salina Cruz, San Juan Bautista Tuxtepec y Tlalixtac de Cabrera con tres cada uno; Ciudad Ixtepec, Juchit\u00e1n de Zaragoza, Oaxaca de Ju\u00e1rez y Tlacolula de Matamoros dos cada uno; el resto un solo caso.<\/p>\n\n\n\n<figure class=\"wp-block-embed-twitter wp-block-embed is-type-rich is-provider-twitter\"><div class=\"wp-block-embed__wrapper\">\n<div class=\"twitter-tweet\"><blockquote class=\"twitter-tweet\" data-lang=\"es\"><p lang=\"es\" dir=\"ltr\"><a href=\"https:\/\/twitter.com\/hashtag\/%C3%9AltimoMinuto?src=hash&amp;ref_src=twsrc%5Etfw\">#\u00daltimoMinuto<\/a><br>En el caso de <a href=\"https:\/\/twitter.com\/hashtag\/Oaxaca?src=hash&amp;ref_src=twsrc%5Etfw\">#Oaxaca<\/a>, los Servicios de Salud informaron del registro de siete nuevas defunciones, para un total de tres mil 756 decesos.<br>Adem\u00e1s, 35 nuevos casos positivos a Covid, con lo que hay un acumulado de 47 mil 387 confirmados<a href=\"https:\/\/twitter.com\/hashtag\/Qu%C3%A9dateEnCasa?src=hash&amp;ref_src=twsrc%5Etfw\">#Qu\u00e9dateEnCasa<\/a> <a href=\"https:\/\/t.co\/z8OY8su8Jz\">pic.twitter.com\/z8OY8su8Jz<\/a><\/p>&mdash; Zona Roja Oaxaca (@Zona_Roja_Oax) <a href=\"https:\/\/twitter.com\/Zona_Roja_Oax\/status\/1400986575639662593?ref_src=twsrc%5Etfw\">5 de junio de 2021<\/a><\/blockquote><\/div>\n<\/div><\/figure>\n\n\n\n<p>En relaci\u00f3n a la ocupaci\u00f3n hospitalaria por Jurisdicci\u00f3n Sanitaria, Valles Centrales registra un 14.3%, Istmo 22.2%, Tuxtepec 25.7%, Costa 11.8%, Mixteca 5.7% y Sierra 7.7%.<\/p>\n\n\n\n<p>Hay una disponibilidad de camas hospitalarias para pacientes con COVID-19, de 491 hay 415 disponibles, lo que significa, que 76 est\u00e1n ocupadas; hay cinco hospitales al 100% de su ocupaci\u00f3n, y 12 nuevos hospitalizados.<\/p>\n","protected":false},"excerpt":{"rendered":"<p>Redacci\u00f3n\/Zona Roja. Oaxaca de Ju\u00e1rez, Oax., 4 de junio de 2021.- Los casos de Covid-19&hellip;<\/p>\n","protected":false},"author":2,"featured_media":28164,"comment_status":"closed","ping_status":"open","sticky":false,"template":"","format":"standard","meta":{"_lmt_disableupdate":"","_lmt_disable":"","_jetpack_memberships_contains_paid_content":false,"footnotes":""},"categories":[109,47],"tags":[1512],"class_list":["post-28163","post","type-post","status-publish","format-standard","has-post-thumbnail","hentry","category-minuto-a-minuto","category-zona-gris","tag-coronavirus-oaxaca"],"jetpack_featured_media_url":"https:\/\/zonaroja.com.mx\/wp-content\/uploads\/2021\/06\/GRAFICA-SSO-01.jpeg","jetpack_sharing_enabled":true,"_links":{"self":[{"href":"https:\/\/zonaroja.com.mx\/index.php?rest_route=\/wp\/v2\/posts\/28163","targetHints":{"allow":["GET"]}}],"collection":[{"href":"https:\/\/zonaroja.com.mx\/index.php?rest_route=\/wp\/v2\/posts"}],"about":[{"href":"https:\/\/zonaroja.com.mx\/index.php?rest_route=\/wp\/v2\/types\/post"}],"author":[{"embeddable":true,"href":"https:\/\/zonaroja.com.mx\/index.php?rest_route=\/wp\/v2\/users\/2"}],"replies":[{"embeddable":true,"href":"https:\/\/zonaroja.com.mx\/index.php?rest_route=%2Fwp%2Fv2%2Fcomments&post=28163"}],"version-history":[{"count":1,"href":"https:\/\/zonaroja.com.mx\/index.php?rest_route=\/wp\/v2\/posts\/28163\/revisions"}],"predecessor-version":[{"id":28165,"href":"https:\/\/zonaroja.com.mx\/index.php?rest_route=\/wp\/v2\/posts\/28163\/revisions\/28165"}],"wp:featuredmedia":[{"embeddable":true,"href":"https:\/\/zonaroja.com.mx\/index.php?rest_route=\/wp\/v2\/media\/28164"}],"wp:attachment":[{"href":"https:\/\/zonaroja.com.mx\/index.php?rest_route=%2Fwp%2Fv2%2Fmedia&parent=28163"}],"wp:term":[{"taxonomy":"category","embeddable":true,"href":"https:\/\/zonaroja.com.mx\/index.php?rest_route=%2Fwp%2Fv2%2Fcategories&post=28163"},{"taxonomy":"post_tag","embeddable":true,"href":"https:\/\/zonaroja.com.mx\/index.php?rest_route=%2Fwp%2Fv2%2Ftags&post=28163"}],"curies":[{"name":"wp","href":"https:\/\/api.w.org\/{rel}","templated":true}]}}