{"id":28166,"date":"2021-06-05T06:55:22","date_gmt":"2021-06-05T11:55:22","guid":{"rendered":"http:\/\/www.zonaroja.com.mx\/?p=28166"},"modified":"2021-06-05T08:07:54","modified_gmt":"2021-06-05T13:07:54","slug":"crecimiento-economico-favorable-en-oaxaca-durante-primer-trimestre-de-2021","status":"publish","type":"post","link":"https:\/\/zonaroja.com.mx\/?p=28166","title":{"rendered":"Crecimiento econ\u00f3mico favorable en Oaxaca durante primer trimestre de 2021"},"content":{"rendered":"\n<p>Evlin Arag\u00f3n\/Zona Roja.<\/p>\n\n\n\n<p>Oaxaca de Ju\u00e1rez, Oax., 5 de junio de 2021.- Oaxaca se ha convertido en el \u00fanico estado de la Rep\u00fablica Mexicana con un crecimiento econ\u00f3mico de 4.5 por ciento, en el primer trimestre del 2021, que la ubica en color verde del sem\u00e1foro econ\u00f3mico realizado por \u201cM\u00e9xico, \u00bfc\u00f3mo vamos?\u201d, iniciativa de especialistas en materia econ\u00f3mica.&nbsp;<\/p>\n\n\n\n<p>De acuerdo con lo expuesto, el crecimiento indica que en Oaxaca, durante la administraci\u00f3n de Alejandro Murat, hay gobernabilidad, orden y una pol\u00edtica de di\u00e1logo para superar las diferencias. Lo que permite la reactivaci\u00f3n de las actividades econ\u00f3micas, empleo, comercio y transporte.<\/p>\n\n\n\n<p>Y es que Oaxaca lidera la gr\u00e1fica de crecimiento econ\u00f3mico estatal con 4.5 por ciento, seguida de Baja California con 3.7 por ciento, cifra que le permite ubicarse como el \u00fanico estado en sem\u00e1foro amarillo, de acuerdo con datos tomados del INEGI.<\/p>\n\n\n\n<p>Tabasco, Zacatecas y Aguascalientes son las \u00fanicas tres entidades que cuentan con sem\u00e1foro naranja al contar con un crecimiento m\u00ednimo de 1.9, 1.8 y 0.5 por ciento, respectivamente.<\/p>\n\n\n\n<p>El resto de las entidades se encuentran en n\u00famero rojos, siendo Quintana Roo, Baja California Sur, Ciudad de M\u00e9xico, Campeche y Tlaxcala las que registran resultados negativos en torno a la econom\u00eda.&nbsp;<\/p>\n\n\n\n<p>Por otra parte, los dem\u00e1s indicadores analizados ponen a la entidad en sem\u00e1foro rojo en la generaci\u00f3n de empleos, toda vez que ten\u00eda una meta crear 9 mil 650 empleos y gener\u00f3 menos del 75 por ciento.<\/p>\n\n\n\n<p>El sem\u00e1foro rojo y con ello las cifras negativas para Oaxaca tambi\u00e9n se registran en torno a la productividad, pobreza laboral, informalidad, deuda p\u00fablica, y desigualdad donde se encuentra por muy por debajo de lo proyectado.&nbsp;&nbsp;<\/p>\n\n\n\n<p>En temas de pobreza laboral, los estados buscan reducir el porcentaje de la poblaci\u00f3n que no puede adquirir canasta alimentaria con su ingreso laboral, situaci\u00f3n que s\u00f3lo paso del 57.3 al 55.8 con respecto al primer trimestre del a\u00f1o pasado, lo cual no es suficiente para ubicarlo en un color de sem\u00e1foro favorable.&nbsp;<\/p>\n\n\n\n<p>Apenas, en mayo pasado, \u201cM\u00e9xico, \u00bfc\u00f3mo vamos?\u201d inform\u00f3 que Oaxaca es el primer lugar nacional en informalidad de mujeres, seg\u00fan datos del INEGI.<\/p>\n\n\n\n<p>El grupo plural de personas expertas en econom\u00eda se\u00f1al\u00f3 que, en Oaxaca, la informalidad laboral, con corte al cuarto trimestre de 2020 es de 77.2%, mientras que la media nacional se ubic\u00f3 en 54.3%.<\/p>\n\n\n\n<p>As\u00ed mismo refiri\u00f3 que un importante porcentaje de esta informalidad laboral ocurre porque el trabajo del hogar y de cuidados no es trabajo pagado.<\/p>\n","protected":false},"excerpt":{"rendered":"<p>Evlin Arag\u00f3n\/Zona Roja. Oaxaca de Ju\u00e1rez, Oax., 5 de junio de 2021.- Oaxaca se ha&hellip;<\/p>\n","protected":false},"author":2,"featured_media":28167,"comment_status":"closed","ping_status":"open","sticky":false,"template":"","format":"standard","meta":{"_lmt_disableupdate":"","_lmt_disable":"","_jetpack_memberships_contains_paid_content":false,"footnotes":""},"categories":[109,46],"tags":[173],"class_list":["post-28166","post","type-post","status-publish","format-standard","has-post-thumbnail","hentry","category-minuto-a-minuto","category-zona-blanca","tag-alejandro-murat-hinojosa"],"jetpack_featured_media_url":"https:\/\/zonaroja.com.mx\/wp-content\/uploads\/2021\/06\/crecimiento-economico-Oaxaca.jpeg","jetpack_sharing_enabled":true,"_links":{"self":[{"href":"https:\/\/zonaroja.com.mx\/index.php?rest_route=\/wp\/v2\/posts\/28166","targetHints":{"allow":["GET"]}}],"collection":[{"href":"https:\/\/zonaroja.com.mx\/index.php?rest_route=\/wp\/v2\/posts"}],"about":[{"href":"https:\/\/zonaroja.com.mx\/index.php?rest_route=\/wp\/v2\/types\/post"}],"author":[{"embeddable":true,"href":"https:\/\/zonaroja.com.mx\/index.php?rest_route=\/wp\/v2\/users\/2"}],"replies":[{"embeddable":true,"href":"https:\/\/zonaroja.com.mx\/index.php?rest_route=%2Fwp%2Fv2%2Fcomments&post=28166"}],"version-history":[{"count":4,"href":"https:\/\/zonaroja.com.mx\/index.php?rest_route=\/wp\/v2\/posts\/28166\/revisions"}],"predecessor-version":[{"id":28184,"href":"https:\/\/zonaroja.com.mx\/index.php?rest_route=\/wp\/v2\/posts\/28166\/revisions\/28184"}],"wp:featuredmedia":[{"embeddable":true,"href":"https:\/\/zonaroja.com.mx\/index.php?rest_route=\/wp\/v2\/media\/28167"}],"wp:attachment":[{"href":"https:\/\/zonaroja.com.mx\/index.php?rest_route=%2Fwp%2Fv2%2Fmedia&parent=28166"}],"wp:term":[{"taxonomy":"category","embeddable":true,"href":"https:\/\/zonaroja.com.mx\/index.php?rest_route=%2Fwp%2Fv2%2Fcategories&post=28166"},{"taxonomy":"post_tag","embeddable":true,"href":"https:\/\/zonaroja.com.mx\/index.php?rest_route=%2Fwp%2Fv2%2Ftags&post=28166"}],"curies":[{"name":"wp","href":"https:\/\/api.w.org\/{rel}","templated":true}]}}