{"id":28169,"date":"2021-06-05T07:05:59","date_gmt":"2021-06-05T12:05:59","guid":{"rendered":"http:\/\/www.zonaroja.com.mx\/?p=28169"},"modified":"2021-06-05T07:06:01","modified_gmt":"2021-06-05T12:06:01","slug":"registra-la-ddhpo-39-expedientes-por-violencia-politica","status":"publish","type":"post","link":"https:\/\/zonaroja.com.mx\/?p=28169","title":{"rendered":"Registra la DDHPO 39 expedientes por violencia pol\u00edtica"},"content":{"rendered":"\n<p>Redacci\u00f3n\/Zona Roja.<\/p>\n\n\n\n<p>Oaxaca de Ju\u00e1rez, Oax., 5 de junio de 2021.- En v\u00edspera de las elecciones, la Defensor\u00eda de los Derechos Humanos del Pueblo de Oaxaca (DDHPO) llam\u00f3 a los partidos pol\u00edticos y sus simpatizantes, actores, candidatas y candidatos de la actual contienda electoral, a que act\u00faen con civilidad y respeto en la recta final de la contienda.<\/p>\n\n\n\n<p>De acuerdo con el organismo, en lo que va de 2021, ha iniciado 39 expedientes relacionados con violencia pol\u00edtica contra aspirantes a alg\u00fan cargo de elecci\u00f3n popular.<\/p>\n\n\n\n<p>Pidi\u00f3 a la ciudadan\u00eda acudir a las urnas este 6 de junio siguiendo todos los protocolos sanitarios, puesto que con ello ejercen su derecho a la participaci\u00f3n y contribuyen a la consolidaci\u00f3n democr\u00e1tica del estado y del pa\u00eds.<\/p>\n\n\n\n<p>En un comunicado, el ombudsperson, Bernardo Rodr\u00edguez Alamilla pidi\u00f3 a las autoridades federales y estatales garantizar antes, durante y despu\u00e9s de la jornada, condiciones de seguridad para las y los postulantes de la contienda electoral, sus familiares y para la ciudadan\u00eda que elegir\u00e1 a sus autoridades.<\/p>\n\n\n\n<p>Reiter\u00f3 la relevancia del actual proceso, en el que tan solo en Oaxaca se renuevan 25 diputaciones de mayor\u00eda relativa, 17 de representaci\u00f3n proporcional, 153 presidencias municipales, 162 sindicaturas, mil 72 regidur\u00edas; y a nivel federal, se eligen 10 diputaciones.<\/p>\n\n\n\n<p>Afirm\u00f3 que es indispensable evitar que se desborden los \u00e1nimos de la contienda y priorizar la competencia limpia, con pleno respeto de los derechos humanos, puesto que ello permitir\u00e1 tambi\u00e9n garantizar a las y los oaxaque\u00f1os, el ejercicio pleno de su derecho de elegir a sus representantes.<\/p>\n\n\n\n<p>Advirti\u00f3 que, frente a la cercan\u00eda de la jornada electoral del pr\u00f3ximo 6 de junio, es urgente establecer mecanismos de actuaci\u00f3n que permitan el desarrollo de una jornada pac\u00edfica.<\/p>\n\n\n\n<p>Lo anterior, frente al contexto registrado en la entidad, en el que se han presentado homicidios, amenazas, ataques, as\u00ed como agresiones de distinta \u00edndole contra aspirantes de diversos partidos y\/o coaliciones.<\/p>\n\n\n\n<p>Aunada a la complejidad pol\u00edtica de la elecci\u00f3n, Rodr\u00edguez Alamilla, sostuvo que la pandemia por Covid-19 ha provocado condiciones no experimentadas con anterioridad, por lo que el actual proceso electoral resulta un reto para el ejercicio pleno de los derechos pol\u00edticos de las y los electores, as\u00ed como de los participantes.<\/p>\n\n\n\n<p>De tal forma que, reiter\u00f3 la importancia de que todos los actores involucrados en la jornada electoral se conduzcan con pleno apego a la ley y con civilidad pol\u00edtica, de lo que depender\u00e1 que el pr\u00f3ximo 6 de junio sea una jornada respetuosa de los derechos humanos.<\/p>\n","protected":false},"excerpt":{"rendered":"<p>Redacci\u00f3n\/Zona Roja. Oaxaca de Ju\u00e1rez, Oax., 5 de junio de 2021.- En v\u00edspera de las&hellip;<\/p>\n","protected":false},"author":2,"featured_media":17057,"comment_status":"closed","ping_status":"open","sticky":false,"template":"","format":"standard","meta":{"_lmt_disableupdate":"","_lmt_disable":"","_jetpack_memberships_contains_paid_content":false,"footnotes":""},"categories":[109,46],"tags":[286],"class_list":["post-28169","post","type-post","status-publish","format-standard","has-post-thumbnail","hentry","category-minuto-a-minuto","category-zona-blanca","tag-defensoria-de-los-derechos-humanos-del-pueblo-de-oaxaca"],"jetpack_featured_media_url":"https:\/\/zonaroja.com.mx\/wp-content\/uploads\/2020\/09\/DDHPO-Defensoria.png","jetpack_sharing_enabled":true,"_links":{"self":[{"href":"https:\/\/zonaroja.com.mx\/index.php?rest_route=\/wp\/v2\/posts\/28169","targetHints":{"allow":["GET"]}}],"collection":[{"href":"https:\/\/zonaroja.com.mx\/index.php?rest_route=\/wp\/v2\/posts"}],"about":[{"href":"https:\/\/zonaroja.com.mx\/index.php?rest_route=\/wp\/v2\/types\/post"}],"author":[{"embeddable":true,"href":"https:\/\/zonaroja.com.mx\/index.php?rest_route=\/wp\/v2\/users\/2"}],"replies":[{"embeddable":true,"href":"https:\/\/zonaroja.com.mx\/index.php?rest_route=%2Fwp%2Fv2%2Fcomments&post=28169"}],"version-history":[{"count":1,"href":"https:\/\/zonaroja.com.mx\/index.php?rest_route=\/wp\/v2\/posts\/28169\/revisions"}],"predecessor-version":[{"id":28170,"href":"https:\/\/zonaroja.com.mx\/index.php?rest_route=\/wp\/v2\/posts\/28169\/revisions\/28170"}],"wp:featuredmedia":[{"embeddable":true,"href":"https:\/\/zonaroja.com.mx\/index.php?rest_route=\/wp\/v2\/media\/17057"}],"wp:attachment":[{"href":"https:\/\/zonaroja.com.mx\/index.php?rest_route=%2Fwp%2Fv2%2Fmedia&parent=28169"}],"wp:term":[{"taxonomy":"category","embeddable":true,"href":"https:\/\/zonaroja.com.mx\/index.php?rest_route=%2Fwp%2Fv2%2Fcategories&post=28169"},{"taxonomy":"post_tag","embeddable":true,"href":"https:\/\/zonaroja.com.mx\/index.php?rest_route=%2Fwp%2Fv2%2Ftags&post=28169"}],"curies":[{"name":"wp","href":"https:\/\/api.w.org\/{rel}","templated":true}]}}