{"id":28177,"date":"2021-06-05T07:44:50","date_gmt":"2021-06-05T12:44:50","guid":{"rendered":"http:\/\/www.zonaroja.com.mx\/?p=28177"},"modified":"2021-06-05T07:44:53","modified_gmt":"2021-06-05T12:44:53","slug":"hay-robos-y-sabotaje-en-refineria-de-salina-cruz-denuncia-amlo","status":"publish","type":"post","link":"https:\/\/zonaroja.com.mx\/?p=28177","title":{"rendered":"Hay robos y sabotaje en refiner\u00eda de Salina Cruz\u2026 denuncia AMLO"},"content":{"rendered":"\n<p>Redacci\u00f3n\/Zona Roja Cdmx.<\/p>\n\n\n\n<p>Ciudad de M\u00e9xico, 5 de junio de 2021.- A m\u00e1s de dos a\u00f1os del gobierno de la Cuarta Transformaci\u00f3n, en la refiner\u00eda de Pemex \u201cIng. Antonio Doval\u00ed Jaime\u201d ubicada en Oaxaca se registra robo de cableado y actos de sabotaje.<\/p>\n\n\n\n<p>As\u00ed lo denunci\u00f3 ayer el propio Presidente de M\u00e9xico, Andr\u00e9s Manuel L\u00f3pez Obrador, quien reconoci\u00f3 que persisten muchos problemas en las instalaciones del complejo petrolero, en el municipio de Salina Cruz.<\/p>\n\n\n\n<p>\u00abEstoy visitando las refiner\u00edas peri\u00f3dicamente. He ido desde que soy Presidente en tres o cuatro ocasiones a la refiner\u00eda de Salina Cruz y, en efecto, ha sufrido muchos problemas, hasta sabotaje\u00bb, dijo ayer.<\/p>\n\n\n\n<p>\u00abAntes de que lleg\u00e1ramos se incendi\u00f3. Hace relativamente poco cortaron todo el sistema el\u00e9ctrico de la refiner\u00eda para robarse todos los cables principales de alta tensi\u00f3n en la refiner\u00eda\u00bb.<\/p>\n\n\n\n<p>L\u00f3pez Obrador asever\u00f3 que el sabotaje a la refiner\u00eda se debi\u00f3 a que \u00abhay muchos intereses\u00bb de por medio.<\/p>\n\n\n\n<p>\u00abPues los que estaban acostumbrados a robar. Imag\u00ednense, c\u00f3mo est\u00e1n los que viv\u00edan colmados de atenciones, de privilegios. No se resignan a vivir honradamente\u00bb, respondi\u00f3, al cuestionarle sobre el tipo de intereses.<\/p>\n\n\n\n<p>\u00abSon procesos que estamos llevando a cabo, limpiando a Pemex de corrupci\u00f3n\u00bb, agreg\u00f3.<\/p>\n\n\n\n<p>El mandatario federal inform\u00f3 que actualmente la refiner\u00eda y toda la ruta del Tren del Istmo ya es resguardada por la Secretar\u00eda de Marina.<\/p>\n","protected":false},"excerpt":{"rendered":"<p>Redacci\u00f3n\/Zona Roja Cdmx. Ciudad de M\u00e9xico, 5 de junio de 2021.- A m\u00e1s de dos&hellip;<\/p>\n","protected":false},"author":2,"featured_media":0,"comment_status":"closed","ping_status":"open","sticky":false,"template":"","format":"standard","meta":{"_lmt_disableupdate":"","_lmt_disable":"","_jetpack_memberships_contains_paid_content":false,"footnotes":""},"categories":[109,47],"tags":[2341],"class_list":["post-28177","post","type-post","status-publish","format-standard","hentry","category-minuto-a-minuto","category-zona-gris","tag-refineria-ing-antonio-dovali-jaime-salina-cruz"],"jetpack_featured_media_url":"","jetpack_sharing_enabled":true,"_links":{"self":[{"href":"https:\/\/zonaroja.com.mx\/index.php?rest_route=\/wp\/v2\/posts\/28177","targetHints":{"allow":["GET"]}}],"collection":[{"href":"https:\/\/zonaroja.com.mx\/index.php?rest_route=\/wp\/v2\/posts"}],"about":[{"href":"https:\/\/zonaroja.com.mx\/index.php?rest_route=\/wp\/v2\/types\/post"}],"author":[{"embeddable":true,"href":"https:\/\/zonaroja.com.mx\/index.php?rest_route=\/wp\/v2\/users\/2"}],"replies":[{"embeddable":true,"href":"https:\/\/zonaroja.com.mx\/index.php?rest_route=%2Fwp%2Fv2%2Fcomments&post=28177"}],"version-history":[{"count":1,"href":"https:\/\/zonaroja.com.mx\/index.php?rest_route=\/wp\/v2\/posts\/28177\/revisions"}],"predecessor-version":[{"id":28179,"href":"https:\/\/zonaroja.com.mx\/index.php?rest_route=\/wp\/v2\/posts\/28177\/revisions\/28179"}],"wp:attachment":[{"href":"https:\/\/zonaroja.com.mx\/index.php?rest_route=%2Fwp%2Fv2%2Fmedia&parent=28177"}],"wp:term":[{"taxonomy":"category","embeddable":true,"href":"https:\/\/zonaroja.com.mx\/index.php?rest_route=%2Fwp%2Fv2%2Fcategories&post=28177"},{"taxonomy":"post_tag","embeddable":true,"href":"https:\/\/zonaroja.com.mx\/index.php?rest_route=%2Fwp%2Fv2%2Ftags&post=28177"}],"curies":[{"name":"wp","href":"https:\/\/api.w.org\/{rel}","templated":true}]}}