{"id":28185,"date":"2021-06-05T14:13:47","date_gmt":"2021-06-05T19:13:47","guid":{"rendered":"http:\/\/www.zonaroja.com.mx\/?p=28185"},"modified":"2021-06-05T14:15:37","modified_gmt":"2021-06-05T19:15:37","slug":"denuncian-camion-con-despensas-en-la-capital-y-era-de-empresa-particular","status":"publish","type":"post","link":"https:\/\/zonaroja.com.mx\/?p=28185","title":{"rendered":"Denuncian cami\u00f3n con despensas en la capital\u2026 y era de empresa particular"},"content":{"rendered":"\n<p>Redacci\u00f3n\/Zona Roja.<\/p>\n\n\n\n<p>Oaxaca de Ju\u00e1rez, Oax., 5 de junio de 2021.- \u201cEn la calle de Yagul 216 a media cuadra de mi oficina detuvimos a un veh\u00edculo con despensas\u201d.<\/p>\n\n\n\n<p>Ese fue el tuit que difundi\u00f3 anoche Flavio Sosa Villavicencio, acompa\u00f1ado de un video, para denunciar un posible delito electoral de los opositores al Partido Morena.<\/p>\n\n\n\n<p>Los hechos sucedieron en dicha calle del fraccionamiento La Noria de la ciudad de Oaxaca, por lo cual arribaron elementos de la Polic\u00eda Estatal y de la Agencia Estatal de Investigaciones, dependiente de la Fiscal\u00eda General del Estado de Oaxaca.<\/p>\n\n\n\n<p>Sin embargo, tras las revisiones, no se hallaron ni despensas en el interior del cami\u00f3n ni alg\u00fan indicio de que acreditara la propiedad a alg\u00fan partido pol\u00edtico o candidato.<\/p>\n\n\n\n<p>El periodista \u00c1lvaro Cuitl\u00e1huac L\u00f3pez, acudi\u00f3 al lugar alrededor de la media noche de ayer para documentar en video el hecho.<\/p>\n\n\n\n<figure class=\"wp-block-embed-twitter wp-block-embed is-type-rich is-provider-twitter\"><div class=\"wp-block-embed__wrapper\">\n<div class=\"twitter-tweet\"><blockquote class=\"twitter-tweet\" data-lang=\"es\"><p lang=\"es\" dir=\"ltr\">Un cami\u00f3n presuntamente cargado de despensas fue denunciado anoche por <a href=\"https:\/\/twitter.com\/flaviososavilla?ref_src=twsrc%5Etfw\">@flaviososavilla<\/a> en la calle Yagul, fraccionamiento La Noria, ciudad de Oaxaca. <br>Sin embargo, al llegar polic\u00edas y personal de la <a href=\"https:\/\/twitter.com\/FISCALIA_GobOax?ref_src=twsrc%5Etfw\">@FISCALIA_GobOax<\/a> corroboraron que se trataba de unidad de empresa particular. <a href=\"https:\/\/t.co\/HBV9SUPHOU\">pic.twitter.com\/HBV9SUPHOU<\/a><\/p>&mdash; Zona Roja Oaxaca (@Zona_Roja_Oax) <a href=\"https:\/\/twitter.com\/Zona_Roja_Oax\/status\/1401177275408605185?ref_src=twsrc%5Etfw\">5 de junio de 2021<\/a><\/blockquote><\/div>\n<\/div><\/figure>\n\n\n\n<p>\u201c\u2026 al arribo de elementos de la Fiscal\u00eda General del Estado de Oaxaca ha determinado que este cami\u00f3n no trae despensas; simplemente trae art\u00edculos de abarrotes que pertenecen a COMA, Compa\u00f1\u00eda Mayorista Abarrotera; no trae ninguna propaganda pol\u00edtica; los agentes estatales no saben bajo qu\u00e9 delito quedar\u00e1 asegurada esta unidad\u201d, narr\u00f3 en su transmisi\u00f3n.<\/p>\n\n\n\n<p>\u201cEl comandante de la Agencia Estatal de Investigaciones est\u00e1 llamando a sus superiores para decirles que efectivamente el cami\u00f3n no trae propaganda de ning\u00fan partido pol\u00edtico, por lo que estar\u00eda siendo pr\u00e1cticamente un teatro de Flavio Sosa y coincidentemente lo hace frente a sus oficinas de Comuna\u201d, describi\u00f3.<\/p>\n\n\n\n<p>Tras ello, Sosa Villavicencio borr\u00f3 su tuit y ya no inform\u00f3 si present\u00f3 disculpa ni reconoci\u00f3 su error.<\/p>\n\n\n\n<figure class=\"wp-block-image size-large\"><img decoding=\"async\" width=\"739\" height=\"1024\" src=\"http:\/\/www.zonaroja.com.mx\/wp-content\/uploads\/2021\/06\/Tuit-Flavio-Sosa-739x1024.jpg\" alt=\"\" class=\"wp-image-28186\" srcset=\"https:\/\/zonaroja.com.mx\/wp-content\/uploads\/2021\/06\/Tuit-Flavio-Sosa-739x1024.jpg 739w, https:\/\/zonaroja.com.mx\/wp-content\/uploads\/2021\/06\/Tuit-Flavio-Sosa-217x300.jpg 217w, https:\/\/zonaroja.com.mx\/wp-content\/uploads\/2021\/06\/Tuit-Flavio-Sosa-768x1064.jpg 768w, https:\/\/zonaroja.com.mx\/wp-content\/uploads\/2021\/06\/Tuit-Flavio-Sosa-585x810.jpg 585w, https:\/\/zonaroja.com.mx\/wp-content\/uploads\/2021\/06\/Tuit-Flavio-Sosa.jpg 924w\" sizes=\"(max-width: 739px) 100vw, 739px\" \/><\/figure>\n","protected":false},"excerpt":{"rendered":"<p>Redacci\u00f3n\/Zona Roja. Oaxaca de Ju\u00e1rez, Oax., 5 de junio de 2021.- \u201cEn la calle de&hellip;<\/p>\n","protected":false},"author":2,"featured_media":28188,"comment_status":"closed","ping_status":"open","sticky":false,"template":"","format":"standard","meta":{"_lmt_disableupdate":"","_lmt_disable":"","_jetpack_memberships_contains_paid_content":false,"footnotes":""},"categories":[109,47],"tags":[685],"class_list":["post-28185","post","type-post","status-publish","format-standard","has-post-thumbnail","hentry","category-minuto-a-minuto","category-zona-gris","tag-flavio-sosa-villavicencio"],"jetpack_featured_media_url":"https:\/\/zonaroja.com.mx\/wp-content\/uploads\/2021\/06\/Camion-despensas-Comuna.jpg","jetpack_sharing_enabled":true,"_links":{"self":[{"href":"https:\/\/zonaroja.com.mx\/index.php?rest_route=\/wp\/v2\/posts\/28185","targetHints":{"allow":["GET"]}}],"collection":[{"href":"https:\/\/zonaroja.com.mx\/index.php?rest_route=\/wp\/v2\/posts"}],"about":[{"href":"https:\/\/zonaroja.com.mx\/index.php?rest_route=\/wp\/v2\/types\/post"}],"author":[{"embeddable":true,"href":"https:\/\/zonaroja.com.mx\/index.php?rest_route=\/wp\/v2\/users\/2"}],"replies":[{"embeddable":true,"href":"https:\/\/zonaroja.com.mx\/index.php?rest_route=%2Fwp%2Fv2%2Fcomments&post=28185"}],"version-history":[{"count":1,"href":"https:\/\/zonaroja.com.mx\/index.php?rest_route=\/wp\/v2\/posts\/28185\/revisions"}],"predecessor-version":[{"id":28187,"href":"https:\/\/zonaroja.com.mx\/index.php?rest_route=\/wp\/v2\/posts\/28185\/revisions\/28187"}],"wp:featuredmedia":[{"embeddable":true,"href":"https:\/\/zonaroja.com.mx\/index.php?rest_route=\/wp\/v2\/media\/28188"}],"wp:attachment":[{"href":"https:\/\/zonaroja.com.mx\/index.php?rest_route=%2Fwp%2Fv2%2Fmedia&parent=28185"}],"wp:term":[{"taxonomy":"category","embeddable":true,"href":"https:\/\/zonaroja.com.mx\/index.php?rest_route=%2Fwp%2Fv2%2Fcategories&post=28185"},{"taxonomy":"post_tag","embeddable":true,"href":"https:\/\/zonaroja.com.mx\/index.php?rest_route=%2Fwp%2Fv2%2Ftags&post=28185"}],"curies":[{"name":"wp","href":"https:\/\/api.w.org\/{rel}","templated":true}]}}