{"id":28189,"date":"2021-06-05T17:59:25","date_gmt":"2021-06-05T22:59:25","guid":{"rendered":"http:\/\/www.zonaroja.com.mx\/?p=28189"},"modified":"2021-06-05T18:01:28","modified_gmt":"2021-06-05T23:01:28","slug":"tras-desaparicion-de-decreto-sobre-organo-en-periodico-oficial","status":"publish","type":"post","link":"https:\/\/zonaroja.com.mx\/?p=28189","title":{"rendered":"Reacciona Congreso tras desaparici\u00f3n de decreto sobre \u00f3rgano en Peri\u00f3dico Oficial"},"content":{"rendered":"\n<p>Redacci\u00f3n\/Zona Roja.<\/p>\n\n\n\n<p>Oaxaca de Ju\u00e1rez, Oax. 5 de junio de 2021.- Por constituir una grave violaci\u00f3n a la Ley Org\u00e1nica del Poder Ejecutivo y la Ley de Procedimiento y Justicia Administrativa para el&nbsp; Estado de Oaxaca, el Congreso del Estado iniciar\u00e1 el procedimiento legal correspondiente para que se castigue al o los servidores p\u00fablicos responsables de ordenar el retiro de la publicaci\u00f3n, en el Peri\u00f3dico Oficial del Gobierno del Estado, de una reforma Constitucional en materia de transparencia.<\/p>\n\n\n\n<p>En la edici\u00f3n Extra del Peri\u00f3dico Oficial del Gobierno del Estado, con fecha 1 de junio, se hizo p\u00fablico el Decreto n\u00famero 2473, expedido por Congreso el 14 de abril pasado, mediante el cual se crea el \u00d3rgano Garante de Acceso a la Informaci\u00f3n, Transparencia, Protecci\u00f3n de Datos Personales y Gobierno Abierto.<\/p>\n\n\n\n<p>La reforma al Art\u00edculo 114 constitucional, transforma al Instituto de Acceso a la Informaci\u00f3n&nbsp; P\u00fablica y Protecci\u00f3n de Datos Personales de Oaxaca y el Consejo de Participaci\u00f3n Ciudadana del Sistema Estatal de Combate a la Corrupci\u00f3n, por un nuevo organismo que responda, de manera efectiva, a la demanda ciudadana para acceder a informaci\u00f3n que es de inter\u00e9s p\u00fablico y que garantice un combate verdadero y frontal a la corrupci\u00f3n en Oaxaca.<\/p>\n\n\n\n<p>Sin embargo, horas despu\u00e9s, la edici\u00f3n Extra en referencia ya no exist\u00eda en el sitio web, a pesar de que fue p\u00fablica y notoria su existencia, de lo que dan cuenta tambi\u00e9n varios medios de comunicaci\u00f3n y los testimonios que obran en poder del Congreso.<\/p>\n\n\n\n<p>Ante est\u00e1 grave transgresi\u00f3n a la normatividad correspondiente y falta de respeto al proceso legislativo, el presidente de la Junta de Coordinaci\u00f3n Pol\u00edtica, Fredie Delf\u00edn Avenda\u00f1o, adelant\u00f3 que en su car\u00e1cter de apoderado legal de la LXIV Legislatura, emprender\u00e1 las acciones jur\u00eddicas que correspondan en contra de quien o quienes resulten responsables.<\/p>\n\n\n\n<p>El Congreso del Estado exigir\u00e1 la aplicaci\u00f3n de todo el peso de la ley en contra de la temeraria manipulaci\u00f3n de quienes ejercen un desmedido poder de manipulaci\u00f3n de documentos y acciones de gobierno en beneficio de poderes f\u00e1cticos que en el pa\u00eds y en Oaxaca se resisten a las grandes transformaciones que est\u00e1n en curso, dijo el legislador.<\/p>\n","protected":false},"excerpt":{"rendered":"<p>Redacci\u00f3n\/Zona Roja. Oaxaca de Ju\u00e1rez, Oax. 5 de junio de 2021.- Por constituir una grave&hellip;<\/p>\n","protected":false},"author":2,"featured_media":18488,"comment_status":"closed","ping_status":"open","sticky":false,"template":"","format":"standard","meta":{"_lmt_disableupdate":"","_lmt_disable":"","_jetpack_memberships_contains_paid_content":false,"footnotes":""},"categories":[109,47],"tags":[213],"class_list":["post-28189","post","type-post","status-publish","format-standard","has-post-thumbnail","hentry","category-minuto-a-minuto","category-zona-gris","tag-64-legislatura-de-oaxaca"],"jetpack_featured_media_url":"https:\/\/zonaroja.com.mx\/wp-content\/uploads\/2020\/10\/Congreso-del-Estado-de-Oaxaca.jpg","jetpack_sharing_enabled":true,"_links":{"self":[{"href":"https:\/\/zonaroja.com.mx\/index.php?rest_route=\/wp\/v2\/posts\/28189","targetHints":{"allow":["GET"]}}],"collection":[{"href":"https:\/\/zonaroja.com.mx\/index.php?rest_route=\/wp\/v2\/posts"}],"about":[{"href":"https:\/\/zonaroja.com.mx\/index.php?rest_route=\/wp\/v2\/types\/post"}],"author":[{"embeddable":true,"href":"https:\/\/zonaroja.com.mx\/index.php?rest_route=\/wp\/v2\/users\/2"}],"replies":[{"embeddable":true,"href":"https:\/\/zonaroja.com.mx\/index.php?rest_route=%2Fwp%2Fv2%2Fcomments&post=28189"}],"version-history":[{"count":2,"href":"https:\/\/zonaroja.com.mx\/index.php?rest_route=\/wp\/v2\/posts\/28189\/revisions"}],"predecessor-version":[{"id":28191,"href":"https:\/\/zonaroja.com.mx\/index.php?rest_route=\/wp\/v2\/posts\/28189\/revisions\/28191"}],"wp:featuredmedia":[{"embeddable":true,"href":"https:\/\/zonaroja.com.mx\/index.php?rest_route=\/wp\/v2\/media\/18488"}],"wp:attachment":[{"href":"https:\/\/zonaroja.com.mx\/index.php?rest_route=%2Fwp%2Fv2%2Fmedia&parent=28189"}],"wp:term":[{"taxonomy":"category","embeddable":true,"href":"https:\/\/zonaroja.com.mx\/index.php?rest_route=%2Fwp%2Fv2%2Fcategories&post=28189"},{"taxonomy":"post_tag","embeddable":true,"href":"https:\/\/zonaroja.com.mx\/index.php?rest_route=%2Fwp%2Fv2%2Ftags&post=28189"}],"curies":[{"name":"wp","href":"https:\/\/api.w.org\/{rel}","templated":true}]}}