{"id":28198,"date":"2021-06-06T09:00:37","date_gmt":"2021-06-06T14:00:37","guid":{"rendered":"http:\/\/www.zonaroja.com.mx\/?p=28198"},"modified":"2021-06-05T21:44:09","modified_gmt":"2021-06-06T02:44:09","slug":"seguiran-clases-a-distancia-en-oaxaca-en-el-actual-ciclo-escolar","status":"publish","type":"post","link":"https:\/\/zonaroja.com.mx\/?p=28198","title":{"rendered":"Seguir\u00e1n clases a distancia en Oaxaca en el actual ciclo escolar"},"content":{"rendered":"\n<p>Redacci\u00f3n\/Zona Roja.<\/p>\n\n\n\n<p>Oaxaca de Ju\u00e1rez, Oax., 6 de junio de 2021.- Al ser una prioridad, la protecci\u00f3n de la salud y la vida, el gobierno de Oaxaca, a trav\u00e9s del Instituto Estatal de Educaci\u00f3n P\u00fablica de Oaxaca (IEEPO), informa que en consenso con la comunidad escolar contin\u00faa analizando y llevando a cabo los preparativos con el fin de generar y garantizar las condiciones adecuadas para el regreso a clases presenciales seguro y voluntario, tomando en cuenta las indicaciones de las autoridades sanitarias federal y estatal.<\/p>\n\n\n\n<p>En este sentido, en lo que corresponde al nivel b\u00e1sico en escuelas p\u00fablicas y privadas, hasta nuevo aviso las actividades acad\u00e9micas seguir\u00e1n a distancia considerando que lo primordial es el cuidado de la comunidad escolar, con todas las medidas preventivas en casa, como son: el lavado de manos frecuente con agua y jab\u00f3n por al menos 20 segundos o utilizar soluciones antis\u00e9pticas a base de alcohol al 70%.<\/p>\n\n\n\n<p>En estos momentos, es importante reforzar en casa la educaci\u00f3n sobre las medidas preventivas de cuidado de la salud y la distancia social, as\u00ed como el uso de cubrebocas, que en las circunstancias adecuadas se continuar\u00e1n aplicando en las instituciones educativas de la entidad.<\/p>\n\n\n\n<p>El Instituto reconoce el compromiso y responsabilidad mostrada por maestras y maestros oaxaque\u00f1os, quienes se han mantenido cerca de sus alumnas y alumnos; as\u00ed como la labor que desempe\u00f1an madres, padres, tutores y cada familia, en un trabajo colaborativo por la educaci\u00f3n.<\/p>\n\n\n\n<p>En este periodo de contingencia sanitaria, junto con el magisterio se ha caminado en la ruta de realizar cuadernillos de trabajo, visitas regulares cada ocho o 15 d\u00edas a las comunidades llevando trabajos al alumnado, adem\u00e1s del programa Aprende en Casa III de la SEP y donde hay posibilidades de internet v\u00eda WhatsApp, a fin de coadyuvar en los aprendizajes esperados en las y los escolares.<\/p>\n\n\n\n<p>El gobierno de Oaxaca mantiene una fluida, correcta y permanente comunicaci\u00f3n con el magisterio, as\u00ed como con la Federaci\u00f3n, en un marco de respeto, apertura y colaboraci\u00f3n mutua por el bienestar de las ni\u00f1as, ni\u00f1os, adolescentes y j\u00f3venes estudiantes.<\/p>\n","protected":false},"excerpt":{"rendered":"<p>Redacci\u00f3n\/Zona Roja. Oaxaca de Ju\u00e1rez, Oax., 6 de junio de 2021.- Al ser una prioridad,&hellip;<\/p>\n","protected":false},"author":2,"featured_media":13335,"comment_status":"closed","ping_status":"open","sticky":false,"template":"","format":"standard","meta":{"_lmt_disableupdate":"","_lmt_disable":"","_jetpack_memberships_contains_paid_content":false,"footnotes":""},"categories":[109,46],"tags":[599],"class_list":["post-28198","post","type-post","status-publish","format-standard","has-post-thumbnail","hentry","category-minuto-a-minuto","category-zona-blanca","tag-instituto-estatal-de-educacion-publica-de-oaxaca"],"jetpack_featured_media_url":"https:\/\/zonaroja.com.mx\/wp-content\/uploads\/2020\/06\/Clases-virtuales.jpg","jetpack_sharing_enabled":true,"_links":{"self":[{"href":"https:\/\/zonaroja.com.mx\/index.php?rest_route=\/wp\/v2\/posts\/28198","targetHints":{"allow":["GET"]}}],"collection":[{"href":"https:\/\/zonaroja.com.mx\/index.php?rest_route=\/wp\/v2\/posts"}],"about":[{"href":"https:\/\/zonaroja.com.mx\/index.php?rest_route=\/wp\/v2\/types\/post"}],"author":[{"embeddable":true,"href":"https:\/\/zonaroja.com.mx\/index.php?rest_route=\/wp\/v2\/users\/2"}],"replies":[{"embeddable":true,"href":"https:\/\/zonaroja.com.mx\/index.php?rest_route=%2Fwp%2Fv2%2Fcomments&post=28198"}],"version-history":[{"count":1,"href":"https:\/\/zonaroja.com.mx\/index.php?rest_route=\/wp\/v2\/posts\/28198\/revisions"}],"predecessor-version":[{"id":28199,"href":"https:\/\/zonaroja.com.mx\/index.php?rest_route=\/wp\/v2\/posts\/28198\/revisions\/28199"}],"wp:featuredmedia":[{"embeddable":true,"href":"https:\/\/zonaroja.com.mx\/index.php?rest_route=\/wp\/v2\/media\/13335"}],"wp:attachment":[{"href":"https:\/\/zonaroja.com.mx\/index.php?rest_route=%2Fwp%2Fv2%2Fmedia&parent=28198"}],"wp:term":[{"taxonomy":"category","embeddable":true,"href":"https:\/\/zonaroja.com.mx\/index.php?rest_route=%2Fwp%2Fv2%2Fcategories&post=28198"},{"taxonomy":"post_tag","embeddable":true,"href":"https:\/\/zonaroja.com.mx\/index.php?rest_route=%2Fwp%2Fv2%2Ftags&post=28198"}],"curies":[{"name":"wp","href":"https:\/\/api.w.org\/{rel}","templated":true}]}}