{"id":28200,"date":"2021-06-06T09:00:23","date_gmt":"2021-06-06T14:00:23","guid":{"rendered":"http:\/\/www.zonaroja.com.mx\/?p=28200"},"modified":"2021-06-05T21:59:52","modified_gmt":"2021-06-06T02:59:52","slug":"piden-al-gobierno-mexicano-reconocer-gravedad-de-crisis-de-violencia-contra-mujeres-y-ninas","status":"publish","type":"post","link":"https:\/\/zonaroja.com.mx\/?p=28200","title":{"rendered":"Piden al gobierno mexicano reconocer gravedad de crisis de violencia contra mujeres y ni\u00f1as"},"content":{"rendered":"\n<p>Redacci\u00f3n\/Zona Roja.<\/p>\n\n\n\n<p>Oaxaca de Ju\u00e1rez, Oax., 6 de junio del 2021.. En el marco del \u201cTri\u00e1logo M\u00e9xico, Uni\u00f3n Europea y sociedad civil\u201d, organizaciones de la sociedad civil mexicana alertaron frente a tres a\u00f1os de impunidad del feminicidio de Mar\u00eda del Sol Cruz Jarqu\u00edn, un caso emblem\u00e1tico de la cadena de encubrimiento, corrupci\u00f3n e impunidad que existe en casos de feminicidios en Oaxaca.<\/p>\n\n\n\n<p>El d\u00eda 2 de junio se llev\u00f3 a cabo el encuentro virtual, un espacio de di\u00e1logo sobre derechos humanos entre representantes de la Secretar\u00eda de Relaciones Exteriores del gobierno mexicano, representantes del Servicio Europeo de Acci\u00f3n Exterior y de la Delegaci\u00f3n de la Uni\u00f3n Europea en M\u00e9xico, as\u00ed como representantes de la sociedad civil mexicana y europea.<\/p>\n\n\n\n<p>Durante el tri\u00e1logo se analiz\u00f3 el cumplimiento de recomendaciones que hab\u00edan sido realizadas por la sociedad civil al gobierno mexicano y a la Uni\u00f3n Europea en el marco del Di\u00e1logo de Alto Nivel sobre Derechos Humanos entre la Uni\u00f3n Europea y M\u00e9xico que se llev\u00f3 a cabo hace poco menos de un a\u00f1o.<\/p>\n\n\n\n<p>En relaci\u00f3n a la situaci\u00f3n de violencia contra las mujeres, las organizaciones de la sociedad civil mexicana destacaron varias preocupaciones sobre recortes presupuestales, falta de pol\u00edtica p\u00fablica integral, falta de reconocimiento de la gravedad de la situaci\u00f3n y clima de estigmatizaci\u00f3n en contra de movimientos feministas.<\/p>\n\n\n\n<p>Enfatizaron tambi\u00e9n la importancia de que en estos di\u00e1logos se d\u00e9 seguimiento a casos individuales como el de Mar\u00eda del Sol Cruz Jarqu\u00edn y otros emblem\u00e1ticos, cuya resoluci\u00f3n es urgente para erradicar la impunidad y garantizar el fortalecimiento de los derechos humanos en M\u00e9xico.<\/p>\n","protected":false},"excerpt":{"rendered":"<p>Redacci\u00f3n\/Zona Roja. Oaxaca de Ju\u00e1rez, Oax., 6 de junio del 2021.. En el marco del&hellip;<\/p>\n","protected":false},"author":2,"featured_media":28201,"comment_status":"closed","ping_status":"open","sticky":false,"template":"","format":"standard","meta":{"_lmt_disableupdate":"","_lmt_disable":"","_jetpack_memberships_contains_paid_content":false,"footnotes":""},"categories":[109,47],"tags":[1093],"class_list":["post-28200","post","type-post","status-publish","format-standard","has-post-thumbnail","hentry","category-minuto-a-minuto","category-zona-gris","tag-consorcio-para-el-dialogo-oaxaca"],"jetpack_featured_media_url":"https:\/\/zonaroja.com.mx\/wp-content\/uploads\/2021\/06\/Trialogo-feminicidios-Mexico.jpg","jetpack_sharing_enabled":true,"_links":{"self":[{"href":"https:\/\/zonaroja.com.mx\/index.php?rest_route=\/wp\/v2\/posts\/28200","targetHints":{"allow":["GET"]}}],"collection":[{"href":"https:\/\/zonaroja.com.mx\/index.php?rest_route=\/wp\/v2\/posts"}],"about":[{"href":"https:\/\/zonaroja.com.mx\/index.php?rest_route=\/wp\/v2\/types\/post"}],"author":[{"embeddable":true,"href":"https:\/\/zonaroja.com.mx\/index.php?rest_route=\/wp\/v2\/users\/2"}],"replies":[{"embeddable":true,"href":"https:\/\/zonaroja.com.mx\/index.php?rest_route=%2Fwp%2Fv2%2Fcomments&post=28200"}],"version-history":[{"count":1,"href":"https:\/\/zonaroja.com.mx\/index.php?rest_route=\/wp\/v2\/posts\/28200\/revisions"}],"predecessor-version":[{"id":28202,"href":"https:\/\/zonaroja.com.mx\/index.php?rest_route=\/wp\/v2\/posts\/28200\/revisions\/28202"}],"wp:featuredmedia":[{"embeddable":true,"href":"https:\/\/zonaroja.com.mx\/index.php?rest_route=\/wp\/v2\/media\/28201"}],"wp:attachment":[{"href":"https:\/\/zonaroja.com.mx\/index.php?rest_route=%2Fwp%2Fv2%2Fmedia&parent=28200"}],"wp:term":[{"taxonomy":"category","embeddable":true,"href":"https:\/\/zonaroja.com.mx\/index.php?rest_route=%2Fwp%2Fv2%2Fcategories&post=28200"},{"taxonomy":"post_tag","embeddable":true,"href":"https:\/\/zonaroja.com.mx\/index.php?rest_route=%2Fwp%2Fv2%2Ftags&post=28200"}],"curies":[{"name":"wp","href":"https:\/\/api.w.org\/{rel}","templated":true}]}}