{"id":28207,"date":"2021-06-06T07:22:13","date_gmt":"2021-06-06T12:22:13","guid":{"rendered":"http:\/\/www.zonaroja.com.mx\/?p=28207"},"modified":"2021-06-06T07:22:16","modified_gmt":"2021-06-06T12:22:16","slug":"disfrazados-de-personal-del-ine-se-roba-boletas-en-sierra-sur","status":"publish","type":"post","link":"https:\/\/zonaroja.com.mx\/?p=28207","title":{"rendered":"Disfrazados de personal del INE, se roba boletas en Sierra Sur"},"content":{"rendered":"\n<p>Ismael Garc\u00eda M.\/Zona Roja. Foto: Ilustraci\u00f3n<\/p>\n\n\n\n<p>Oaxaca de Ju\u00e1rez, Oax., 6 de junio de 2021.- Dos sujetos con vestimenta del personal del Instituto Nacional Electoral (INE) sustrajeron las boletas electorales en las comunidades de San Jos\u00e9 Llano Grande y de El Ocote, Miahuatl\u00e1n de Porfirio D\u00edaz, en la regi\u00f3n Sierra Sur de Oaxaca.<\/p>\n\n\n\n<p>De acuerdo con los reportes oficiales, fue alrededor de las 18:50 horas en que Alma Lara Soriano, quien fue designada como presidenta de la casilla Contigua 1 de la Secci\u00f3n Electoral 0446 en la agencia municipal de San Jos\u00e9 Llano Grande, &nbsp;report\u00f3 que dos personas vestidas con camisas de manga larga blancas y con logotipo que dec\u00eda Instituto Estatal Electoral, acudieron a su domicilio.<\/p>\n\n\n\n<p>Dichos individuos argumentaron que iban por los paquetes electorales, ya que estaban equivocados y que los regresar\u00edan este domingo a las 7:00 horas; para ello firmaron una hoja de una libreta en que qued\u00f3 asentado que se llevaban el material por supuestamente estar equivocados.<\/p>\n\n\n\n<p>Mientras tanto, Laura Carre\u00f1o Cruz presidenta de la casilla extraordinaria 2&nbsp; perteneciente al n\u00facleo rural denominado el Ocote, tambi\u00e9n de la agencia de San Jos\u00e9 Llano Grande, dijo que se present\u00f3 un caso similar, sin embargo, aqu\u00ed \u00fanicamente se llevaron la documentaci\u00f3n electoral (boletas) de la elecci\u00f3n local, dejando el paquete que contiene las boletas para la elecci\u00f3n federal.<\/p>\n\n\n\n<p>Ante ello, el personal afectado dio aviso a sus superiores para que se presente la denuncia correspondiente.<\/p>\n","protected":false},"excerpt":{"rendered":"<p>Ismael Garc\u00eda M.\/Zona Roja. Foto: Ilustraci\u00f3n Oaxaca de Ju\u00e1rez, Oax., 6 de junio de 2021.-&hellip;<\/p>\n","protected":false},"author":2,"featured_media":28208,"comment_status":"closed","ping_status":"open","sticky":false,"template":"","format":"standard","meta":{"_lmt_disableupdate":"","_lmt_disable":"","_jetpack_memberships_contains_paid_content":false,"footnotes":""},"categories":[109,47],"tags":[2348],"class_list":["post-28207","post","type-post","status-publish","format-standard","has-post-thumbnail","hentry","category-minuto-a-minuto","category-zona-gris","tag-elecciones-oaxaca-2021"],"jetpack_featured_media_url":"https:\/\/zonaroja.com.mx\/wp-content\/uploads\/2021\/06\/Boletas-electorales.png","jetpack_sharing_enabled":true,"_links":{"self":[{"href":"https:\/\/zonaroja.com.mx\/index.php?rest_route=\/wp\/v2\/posts\/28207","targetHints":{"allow":["GET"]}}],"collection":[{"href":"https:\/\/zonaroja.com.mx\/index.php?rest_route=\/wp\/v2\/posts"}],"about":[{"href":"https:\/\/zonaroja.com.mx\/index.php?rest_route=\/wp\/v2\/types\/post"}],"author":[{"embeddable":true,"href":"https:\/\/zonaroja.com.mx\/index.php?rest_route=\/wp\/v2\/users\/2"}],"replies":[{"embeddable":true,"href":"https:\/\/zonaroja.com.mx\/index.php?rest_route=%2Fwp%2Fv2%2Fcomments&post=28207"}],"version-history":[{"count":1,"href":"https:\/\/zonaroja.com.mx\/index.php?rest_route=\/wp\/v2\/posts\/28207\/revisions"}],"predecessor-version":[{"id":28209,"href":"https:\/\/zonaroja.com.mx\/index.php?rest_route=\/wp\/v2\/posts\/28207\/revisions\/28209"}],"wp:featuredmedia":[{"embeddable":true,"href":"https:\/\/zonaroja.com.mx\/index.php?rest_route=\/wp\/v2\/media\/28208"}],"wp:attachment":[{"href":"https:\/\/zonaroja.com.mx\/index.php?rest_route=%2Fwp%2Fv2%2Fmedia&parent=28207"}],"wp:term":[{"taxonomy":"category","embeddable":true,"href":"https:\/\/zonaroja.com.mx\/index.php?rest_route=%2Fwp%2Fv2%2Fcategories&post=28207"},{"taxonomy":"post_tag","embeddable":true,"href":"https:\/\/zonaroja.com.mx\/index.php?rest_route=%2Fwp%2Fv2%2Ftags&post=28207"}],"curies":[{"name":"wp","href":"https:\/\/api.w.org\/{rel}","templated":true}]}}