{"id":2821,"date":"2019-08-04T18:53:24","date_gmt":"2019-08-04T23:53:24","guid":{"rendered":"http:\/\/www.zonaroja.com.mx\/?p=2821"},"modified":"2019-08-04T18:53:26","modified_gmt":"2019-08-04T23:53:26","slug":"las-tres-masacres-con-trump-29-muertos-y-35-heridos-en-fin-de-semana","status":"publish","type":"post","link":"https:\/\/zonaroja.com.mx\/?p=2821","title":{"rendered":"Las tres masacres con Trump: 29 muertos y 35 heridos en fin de semana"},"content":{"rendered":"\n<p>Redacci\u00f3n\/Zona\nRoja M\u00e9xico.<\/p>\n\n\n\n<p>Ciudad de\nM\u00e9xico.- Al menos 29 muertos y 35 heridos de bala es el saldo actual de tres\nmasacres perpetradas en El Paso, Chicago y Ohio, Estados Unidos de\nNorteam\u00e9rica, con tintes de odio racial.<\/p>\n\n\n\n<p>\u201cEl odio no\ntiene cabida en nuestro pa\u00eds\u201d\u2026 Los tiroteos son parte \u201cde un problema de salud\nmental\u201d, consider\u00f3 hoy Donald Trump, en breves declaraciones a la prensa.<\/p>\n\n\n\n<p>El m\u00e1s\nreciente ataque con armas de fuego ocurri\u00f3 en Dayton, Ohio, alrededor de la una\nde la ma\u00f1ana en una zona popular de diversi\u00f3n, en que un individuo identificado\ncomo Connor Betts, de 24 a\u00f1os, presuntamente es el autor de un ataque armado en\nque fallecieron nueve personas, entre ellas la hermana del probable autor del\nmultihomicidio.<\/p>\n\n\n\n<p>Tambi\u00e9n en la\nmadrugada de este domingo en la ciudad de Chicago, fueron heridas nueve personas\nen dos eventos.<\/p>\n\n\n\n<p>En un caso, alrededor\nde las 01:20 horas un hombre a bordo de un veh\u00edculo Chevrolet tipo Camargo, dispar\u00f3\nen contra de varias mujeres en Douglas Park, resultando lesionadas siete de\nellas; minutos m\u00e1s tardes sucedi\u00f3 otra detonaci\u00f3n en la calle South Troy, donde\nresultaron v\u00edctimas otras dos mujeres.<\/p>\n\n\n\n<p>Durante el\nmediod\u00eda de ayer s\u00e1bado, un sujeto, presuntamente identificado como Patrick\nCrusius, de 21 a\u00f1os, dispar\u00f3 en contra de una multitud en un centro comercial\nde El Paso, Texas.<\/p>\n\n\n\n<p>El saldo\nhasta ahora es de 20 personas fallecidas, entre ellas seis mexicanas, as\u00ed como\nal menos 26 lesionadas.<\/p>\n\n\n\n<p>La\nCanciller\u00eda de M\u00e9xico identific\u00f3 a cinco de los seis connacionales como Sara\nEsther Regalado, de Ciudad Ju\u00e1rez, Chihuahua; Adolfo Cerros Hern\u00e1ndez, de\nAguascalientes, Aguascalientes; Jorge Calvillo Garc\u00eda, de Torre\u00f3n, Coahuila;\nElsa Mendoza de la Mora, de Yepomera, Chihuahua, y &nbsp;Gloria Irma M\u00e1rquez Ju\u00e1rez, de Chihuahua.<\/p>\n","protected":false},"excerpt":{"rendered":"<p>Redacci\u00f3n\/Zona Roja M\u00e9xico. Ciudad de M\u00e9xico.- Al menos 29 muertos y 35 heridos de bala&hellip;<\/p>\n","protected":false},"author":2,"featured_media":2822,"comment_status":"closed","ping_status":"open","sticky":false,"template":"","format":"standard","meta":{"_lmt_disableupdate":"","_lmt_disable":"","_jetpack_memberships_contains_paid_content":false,"footnotes":""},"categories":[109,51],"tags":[477],"class_list":["post-2821","post","type-post","status-publish","format-standard","has-post-thumbnail","hentry","category-minuto-a-minuto","category-zona-roja","tag-masacres-en-estados-unidos-de-norteamerica"],"jetpack_featured_media_url":"https:\/\/zonaroja.com.mx\/wp-content\/uploads\/2019\/08\/Masacres-EU.jpg","jetpack_sharing_enabled":true,"_links":{"self":[{"href":"https:\/\/zonaroja.com.mx\/index.php?rest_route=\/wp\/v2\/posts\/2821","targetHints":{"allow":["GET"]}}],"collection":[{"href":"https:\/\/zonaroja.com.mx\/index.php?rest_route=\/wp\/v2\/posts"}],"about":[{"href":"https:\/\/zonaroja.com.mx\/index.php?rest_route=\/wp\/v2\/types\/post"}],"author":[{"embeddable":true,"href":"https:\/\/zonaroja.com.mx\/index.php?rest_route=\/wp\/v2\/users\/2"}],"replies":[{"embeddable":true,"href":"https:\/\/zonaroja.com.mx\/index.php?rest_route=%2Fwp%2Fv2%2Fcomments&post=2821"}],"version-history":[{"count":1,"href":"https:\/\/zonaroja.com.mx\/index.php?rest_route=\/wp\/v2\/posts\/2821\/revisions"}],"predecessor-version":[{"id":2823,"href":"https:\/\/zonaroja.com.mx\/index.php?rest_route=\/wp\/v2\/posts\/2821\/revisions\/2823"}],"wp:featuredmedia":[{"embeddable":true,"href":"https:\/\/zonaroja.com.mx\/index.php?rest_route=\/wp\/v2\/media\/2822"}],"wp:attachment":[{"href":"https:\/\/zonaroja.com.mx\/index.php?rest_route=%2Fwp%2Fv2%2Fmedia&parent=2821"}],"wp:term":[{"taxonomy":"category","embeddable":true,"href":"https:\/\/zonaroja.com.mx\/index.php?rest_route=%2Fwp%2Fv2%2Fcategories&post=2821"},{"taxonomy":"post_tag","embeddable":true,"href":"https:\/\/zonaroja.com.mx\/index.php?rest_route=%2Fwp%2Fv2%2Ftags&post=2821"}],"curies":[{"name":"wp","href":"https:\/\/api.w.org\/{rel}","templated":true}]}}