{"id":28210,"date":"2021-06-06T07:32:52","date_gmt":"2021-06-06T12:32:52","guid":{"rendered":"http:\/\/www.zonaroja.com.mx\/?p=28210"},"modified":"2021-06-06T07:50:33","modified_gmt":"2021-06-06T12:50:33","slug":"asesinan-a-individuo-en-atzompa-oaxaca-por-oponerse-a-asalto","status":"publish","type":"post","link":"https:\/\/zonaroja.com.mx\/?p=28210","title":{"rendered":"Asesinan a individuo en Atzompa, Oaxaca, por oponerse a asalto"},"content":{"rendered":"\n<p>Ismael Garc\u00eda M.\/Zona Roja. <\/p>\n\n\n\n<p>Oaxaca de Ju\u00e1rez, Oax., 6 de junio de 2021.- Una persona del sexo masculino fue asesinada anoche en Santa Mar\u00eda Atzompa, municipio de la regi\u00f3n Valles Centrales de Oaxaca, por resistirse a un asalto.<\/p>\n\n\n\n<p>Los hechos sucedieron alrededor de las 21:00 horas en una calle de la colonia La Rep\u00fablica, donde al menos dos presuntos delincuentes amagaron con un arma a la hoy v\u00edctima, pero al negarse a entregar sus pertenencias, le dispararon, tras lo cual huyeron.<\/p>\n\n\n\n<p>El hombre malherido logr\u00f3 conducir su unidad de motor hasta la colonia Oaxaca, donde perdi\u00f3 el control y choc\u00f3 con una barda.<\/p>\n\n\n\n<p>Hasta el momento el hombre que perdi\u00f3 la vida a\u00fan no ha sido identificado de manera legal; fue asesinado en el interior de su veh\u00edculo, marca Chevrolet, tipo Chevy, con placas de circulaci\u00f3n TLV-6986. <\/p>\n\n\n\n<p>Mientras tanto, en el exterior de un hotel en el municipio de San Jacinto Amilpas, conurbado a la capital, elementos policiacos detuvieron a al menos cinco individuos, presuntamente grupo de choque de un partido pol\u00edtico.<\/p>\n\n\n\n<p>Se les decomisaron machetes, bats y una navaja; hasta el momento no han dado a conocer a d\u00f3nde se dirig\u00edan ni cu\u00e1l era su objetivo.<\/p>\n\n\n\n<figure class=\"wp-block-image size-large\"><img decoding=\"async\" width=\"1024\" height=\"576\" src=\"http:\/\/www.zonaroja.com.mx\/wp-content\/uploads\/2021\/06\/Detenidos-San-Jacinto-Amilpas-1024x576.jpg\" alt=\"\" class=\"wp-image-28212\" srcset=\"https:\/\/zonaroja.com.mx\/wp-content\/uploads\/2021\/06\/Detenidos-San-Jacinto-Amilpas-1024x576.jpg 1024w, https:\/\/zonaroja.com.mx\/wp-content\/uploads\/2021\/06\/Detenidos-San-Jacinto-Amilpas-300x169.jpg 300w, https:\/\/zonaroja.com.mx\/wp-content\/uploads\/2021\/06\/Detenidos-San-Jacinto-Amilpas-768x432.jpg 768w, https:\/\/zonaroja.com.mx\/wp-content\/uploads\/2021\/06\/Detenidos-San-Jacinto-Amilpas-1536x864.jpg 1536w, https:\/\/zonaroja.com.mx\/wp-content\/uploads\/2021\/06\/Detenidos-San-Jacinto-Amilpas-1170x658.jpg 1170w, https:\/\/zonaroja.com.mx\/wp-content\/uploads\/2021\/06\/Detenidos-San-Jacinto-Amilpas-585x329.jpg 585w, https:\/\/zonaroja.com.mx\/wp-content\/uploads\/2021\/06\/Detenidos-San-Jacinto-Amilpas.jpg 1600w\" sizes=\"(max-width: 1024px) 100vw, 1024px\" \/><\/figure>\n","protected":false},"excerpt":{"rendered":"<p>Ismael Garc\u00eda M.\/Zona Roja. Oaxaca de Ju\u00e1rez, Oax., 6 de junio de 2021.- Una persona&hellip;<\/p>\n","protected":false},"author":2,"featured_media":28211,"comment_status":"closed","ping_status":"open","sticky":false,"template":"","format":"standard","meta":{"_lmt_disableupdate":"","_lmt_disable":"","_jetpack_memberships_contains_paid_content":false,"footnotes":""},"categories":[109,51],"tags":[1049],"class_list":["post-28210","post","type-post","status-publish","format-standard","has-post-thumbnail","hentry","category-minuto-a-minuto","category-zona-roja","tag-santa-maria-atzompa"],"jetpack_featured_media_url":"https:\/\/zonaroja.com.mx\/wp-content\/uploads\/2021\/06\/Ejecutado-Atzompa.jpg","jetpack_sharing_enabled":true,"_links":{"self":[{"href":"https:\/\/zonaroja.com.mx\/index.php?rest_route=\/wp\/v2\/posts\/28210","targetHints":{"allow":["GET"]}}],"collection":[{"href":"https:\/\/zonaroja.com.mx\/index.php?rest_route=\/wp\/v2\/posts"}],"about":[{"href":"https:\/\/zonaroja.com.mx\/index.php?rest_route=\/wp\/v2\/types\/post"}],"author":[{"embeddable":true,"href":"https:\/\/zonaroja.com.mx\/index.php?rest_route=\/wp\/v2\/users\/2"}],"replies":[{"embeddable":true,"href":"https:\/\/zonaroja.com.mx\/index.php?rest_route=%2Fwp%2Fv2%2Fcomments&post=28210"}],"version-history":[{"count":2,"href":"https:\/\/zonaroja.com.mx\/index.php?rest_route=\/wp\/v2\/posts\/28210\/revisions"}],"predecessor-version":[{"id":28217,"href":"https:\/\/zonaroja.com.mx\/index.php?rest_route=\/wp\/v2\/posts\/28210\/revisions\/28217"}],"wp:featuredmedia":[{"embeddable":true,"href":"https:\/\/zonaroja.com.mx\/index.php?rest_route=\/wp\/v2\/media\/28211"}],"wp:attachment":[{"href":"https:\/\/zonaroja.com.mx\/index.php?rest_route=%2Fwp%2Fv2%2Fmedia&parent=28210"}],"wp:term":[{"taxonomy":"category","embeddable":true,"href":"https:\/\/zonaroja.com.mx\/index.php?rest_route=%2Fwp%2Fv2%2Fcategories&post=28210"},{"taxonomy":"post_tag","embeddable":true,"href":"https:\/\/zonaroja.com.mx\/index.php?rest_route=%2Fwp%2Fv2%2Ftags&post=28210"}],"curies":[{"name":"wp","href":"https:\/\/api.w.org\/{rel}","templated":true}]}}