{"id":28223,"date":"2021-06-06T16:29:34","date_gmt":"2021-06-06T21:29:34","guid":{"rendered":"http:\/\/www.zonaroja.com.mx\/?p=28223"},"modified":"2021-06-06T16:29:39","modified_gmt":"2021-06-06T21:29:39","slug":"ejercen-candidatos-a-la-capital-de-oaxaca-su-voto-piden-paz-y-civilidad","status":"publish","type":"post","link":"https:\/\/zonaroja.com.mx\/?p=28223","title":{"rendered":"Ejercen candidatos a la capital de Oaxaca su voto; piden paz y civilidad"},"content":{"rendered":"\n<p>Evlin Arag\u00f3n\/Zona Roja.<\/p>\n\n\n\n<p>Oaxaca de Ju\u00e1rez, Oax., 6 de junio de 2021.- En medio de una amplia participaci\u00f3n por parte de la ciudadan\u00eda, el candidato por la coalici\u00f3n \u201cVa por Oaxaca\u201d, Javier Villaca\u00f1a Jim\u00e9nez, emiti\u00f3 su voto en la casilla instalada en la agencia municipal de San Felipe del Agua.<\/p>\n\n\n\n<p>Con todas las medidas sanitarias vigentes \u2013el uso de cubrebocas y gel antibacterial, la sana distancia\u2013 el aspirante arrib\u00f3 acompa\u00f1ado de su esposa Ver\u00f3nica Quevedo desde temprana hora e invit\u00f3 a la poblaci\u00f3n a ejercer su derecho al voto y hacer que gane Oaxaca y la democracia.&nbsp;<\/p>\n\n\n\n<p>El representante de los partidos Acci\u00f3n Nacional, Revolucionario Institucional y Revolucionario Institucional, celebr\u00f3 la amplia participaci\u00f3n y confi\u00f3 en que se imponga la civilidad y la paz en la capital oaxaque\u00f1a, que tendr\u00e1 unas votaciones re\u00f1idas de acuerdo con las \u00faltimas encuestas realizadas.\u00a0<\/p>\n\n\n\n<figure class=\"wp-block-embed-twitter wp-block-embed is-type-rich is-provider-twitter\"><div class=\"wp-block-embed__wrapper\">\n<div class=\"twitter-tweet\"><blockquote class=\"twitter-tweet\" data-lang=\"es\"><p lang=\"es\" dir=\"ltr\"><a href=\"https:\/\/twitter.com\/hashtag\/ENVIVO?src=hash&amp;ref_src=twsrc%5Etfw\">#ENVIVO<\/a> <br>Oaxaca de Ju\u00e1rez, Oax.; 6 de junio de 2021.- El aspirante a edil de Oaxaca de Ju\u00e1rez de la coalici\u00f3n \u201cVa por Oaxaca\u201d, <a href=\"https:\/\/twitter.com\/JavierVillacana?ref_src=twsrc%5Etfw\">@JavierVillacana<\/a>, deposit\u00f3 su voto esta ma\u00f1ana en la agencia de San Felipe del Agua. <br><br>Aqu\u00ed la transmisi\u00f3n:<a href=\"https:\/\/t.co\/S4Tmug8Q8S\">https:\/\/t.co\/S4Tmug8Q8S<\/a> <a href=\"https:\/\/t.co\/XrZo3x3C5g\">pic.twitter.com\/XrZo3x3C5g<\/a><\/p>&mdash; Zona Roja Oaxaca (@Zona_Roja_Oax) <a href=\"https:\/\/twitter.com\/Zona_Roja_Oax\/status\/1401545995331198976?ref_src=twsrc%5Etfw\">6 de junio de 2021<\/a><\/blockquote><\/div>\n<\/div><\/figure>\n\n\n\n<p>TAMBI\u00c9N NERI<\/p>\n\n\n\n<p>Una hora despu\u00e9s, el candidato de Morena, Francisco Mart\u00ednez Neri, arrib\u00f3 a su casilla que tambi\u00e9n registraba amplia participaci\u00f3n ciudadana, ubicada en la calle Venus, perteneciente a la colonia Estrella, para hacer lo propio.<\/p>\n\n\n\n<p>De manera r\u00e1pida, el representante de Morena a la candidatura por la capital de Oaxaca se hizo acompa\u00f1ar del diputado local C\u00e9sar Morales Ni\u00f1o, adem\u00e1s de familiares.&nbsp;<\/p>\n\n\n\n<p>En un breve encuentro con los medios de comunicaci\u00f3n confi\u00f3 en que sea una buena jornada electoral, marcada por la paz en todo el territorio mexicano, de manera espec\u00edfica en Oaxaca.&nbsp;<\/p>\n\n\n\n<p>\u201cParticularmente esperamos que todo transcurra en paz y que as\u00ed sea como el pueblo elija a sus autoridades. Cuando el pueblo elige la gente est\u00e1 contenta\u201d, detall\u00f3.<\/p>\n\n\n\n<figure class=\"wp-block-embed-twitter wp-block-embed is-type-rich is-provider-twitter\"><div class=\"wp-block-embed__wrapper\">\n<div class=\"twitter-tweet\"><blockquote class=\"twitter-tweet\" data-lang=\"es\"><p lang=\"es\" dir=\"ltr\"><a href=\"https:\/\/twitter.com\/hashtag\/ENVIVO?src=hash&amp;ref_src=twsrc%5Etfw\">#ENVIVO<\/a><br>Oaxaca de Ju\u00e1rez, Oax., 6 de junio de 2021.- El candidato a presidente municipal de Oaxaca de Ju\u00e1rez por Morena, Francisco Mart\u00ednez Neri, emite su voto en la casilla 527 de la colonia Estrella.<br><br>Siga la transmisi\u00f3n:<a href=\"https:\/\/t.co\/4JZwXjgD88\">https:\/\/t.co\/4JZwXjgD88<\/a> <a href=\"https:\/\/t.co\/sED5MinCoo\">pic.twitter.com\/sED5MinCoo<\/a><\/p>&mdash; Zona Roja Oaxaca (@Zona_Roja_Oax) <a href=\"https:\/\/twitter.com\/Zona_Roja_Oax\/status\/1401561337986269188?ref_src=twsrc%5Etfw\">6 de junio de 2021<\/a><\/blockquote><\/div>\n<\/div><\/figure>\n\n\n\n<p>VOTA RUIZ OLMEDO<\/p>\n\n\n\n<p>Finalmente, pasadas las 11 de la ma\u00f1ana, el candidato de Fuerza por M\u00e9xico, Jes\u00fas Ruiz Olmedo, arrib\u00f3 a la casilla ubicada en la calle Huerto Los Olivos del Fraccionamiento Trinidad de las Huertas.<\/p>\n\n\n\n<p>Ah\u00ed, manifest\u00f3 su confianza de conseguir los votos necesarios que lo lleven al triunfo, a la par que lament\u00f3 la confrontaci\u00f3n de los partidos de siempre, que apenas hace unas horas se acusaban mutuamente de comprar el voto a trav\u00e9s de despesas que fueron localizadas en varias bodegas.<\/p>\n\n\n\n<p>Tambi\u00e9n aprovech\u00f3 la oportunidad para pedir a la poblaci\u00f3n que salga a votar y decida el tipo de ciudad que quiere para los pr\u00f3ximos tres a\u00f1os.&nbsp;<\/p>\n\n\n\n<p>\u201cSalgan a votar, de verdad es una fiesta de la democracia, es un deber ciudadano. Yo creo que es importante que sea la sociedad civil sea la que decida el tipo de gobierno que quiere para la capital\u201d, sentenci\u00f3.<\/p>\n\n\n\n<figure class=\"wp-block-embed-twitter wp-block-embed is-type-rich is-provider-twitter\"><div class=\"wp-block-embed__wrapper\">\n<div class=\"twitter-tweet\"><blockquote class=\"twitter-tweet\" data-lang=\"es\"><p lang=\"es\" dir=\"ltr\"><a href=\"https:\/\/twitter.com\/hashtag\/ENVIVO?src=hash&amp;ref_src=twsrc%5Etfw\">#ENVIVO<\/a> <br>Oaxaca de Ju\u00e1rez, Oax., 6 de junio de 2021.- En la casilla 0603 de la calle Huerto los Olivos del fraccionamiento Trinidad de las Huertas, emite su voto Jes\u00fas Ruiz Olmedo, de Fuerza por M\u00e9xico.<br><br>Siga aqu\u00ed la transmisi\u00f3n:<br>\ud83d\udc47<a href=\"https:\/\/t.co\/iD7GOKkxWh\">https:\/\/t.co\/iD7GOKkxWh<\/a> <a href=\"https:\/\/t.co\/OHz0lZFD5s\">pic.twitter.com\/OHz0lZFD5s<\/a><\/p>&mdash; Zona Roja Oaxaca (@Zona_Roja_Oax) <a href=\"https:\/\/twitter.com\/Zona_Roja_Oax\/status\/1401579989775048705?ref_src=twsrc%5Etfw\">6 de junio de 2021<\/a><\/blockquote><\/div>\n<\/div><\/figure>\n","protected":false},"excerpt":{"rendered":"<p>Evlin Arag\u00f3n\/Zona Roja. Oaxaca de Ju\u00e1rez, Oax., 6 de junio de 2021.- En medio de&hellip;<\/p>\n","protected":false},"author":2,"featured_media":28224,"comment_status":"closed","ping_status":"open","sticky":false,"template":"","format":"standard","meta":{"_lmt_disableupdate":"","_lmt_disable":"","_jetpack_memberships_contains_paid_content":false,"footnotes":""},"categories":[109,46],"tags":[2348],"class_list":["post-28223","post","type-post","status-publish","format-standard","has-post-thumbnail","hentry","category-minuto-a-minuto","category-zona-blanca","tag-elecciones-oaxaca-2021"],"jetpack_featured_media_url":"https:\/\/zonaroja.com.mx\/wp-content\/uploads\/2021\/06\/Candidatos-a-ediles-Oaxaca.jpg","jetpack_sharing_enabled":true,"_links":{"self":[{"href":"https:\/\/zonaroja.com.mx\/index.php?rest_route=\/wp\/v2\/posts\/28223","targetHints":{"allow":["GET"]}}],"collection":[{"href":"https:\/\/zonaroja.com.mx\/index.php?rest_route=\/wp\/v2\/posts"}],"about":[{"href":"https:\/\/zonaroja.com.mx\/index.php?rest_route=\/wp\/v2\/types\/post"}],"author":[{"embeddable":true,"href":"https:\/\/zonaroja.com.mx\/index.php?rest_route=\/wp\/v2\/users\/2"}],"replies":[{"embeddable":true,"href":"https:\/\/zonaroja.com.mx\/index.php?rest_route=%2Fwp%2Fv2%2Fcomments&post=28223"}],"version-history":[{"count":1,"href":"https:\/\/zonaroja.com.mx\/index.php?rest_route=\/wp\/v2\/posts\/28223\/revisions"}],"predecessor-version":[{"id":28225,"href":"https:\/\/zonaroja.com.mx\/index.php?rest_route=\/wp\/v2\/posts\/28223\/revisions\/28225"}],"wp:featuredmedia":[{"embeddable":true,"href":"https:\/\/zonaroja.com.mx\/index.php?rest_route=\/wp\/v2\/media\/28224"}],"wp:attachment":[{"href":"https:\/\/zonaroja.com.mx\/index.php?rest_route=%2Fwp%2Fv2%2Fmedia&parent=28223"}],"wp:term":[{"taxonomy":"category","embeddable":true,"href":"https:\/\/zonaroja.com.mx\/index.php?rest_route=%2Fwp%2Fv2%2Fcategories&post=28223"},{"taxonomy":"post_tag","embeddable":true,"href":"https:\/\/zonaroja.com.mx\/index.php?rest_route=%2Fwp%2Fv2%2Ftags&post=28223"}],"curies":[{"name":"wp","href":"https:\/\/api.w.org\/{rel}","templated":true}]}}