{"id":28229,"date":"2021-06-06T21:47:10","date_gmt":"2021-06-07T02:47:10","guid":{"rendered":"http:\/\/www.zonaroja.com.mx\/?p=28229"},"modified":"2021-06-06T21:47:17","modified_gmt":"2021-06-07T02:47:17","slug":"policias-municipales-allanan-casa-de-campana-de-villacana-y-agreden-a-prensa","status":"publish","type":"post","link":"https:\/\/zonaroja.com.mx\/?p=28229","title":{"rendered":"Polic\u00edas municipales allanan casa de campa\u00f1a de Villaca\u00f1a y agreden a prensa"},"content":{"rendered":"\n<p>Redacci\u00f3n\/Zona Roja.<\/p>\n\n\n\n<p>Oaxaca de Ju\u00e1rez, Oax., 6 de junio de 2021.- Minutos antes de las 19:00 horas, elementos de la polic\u00eda municipal de Oaxaca de Ju\u00e1rez allanaron las oficinas de Javier Villaca\u00f1a Jim\u00e9nez, candidato a edil de \u201cVa por Oaxaca\u201d.<\/p>\n\n\n\n<p>Tras ello, detuvieron a cuatro personas, lo que origin\u00f3 la reacci\u00f3n de simpatizantes de Villaca\u00f1a, entre ellos Joaqu\u00edn Rodr\u00edguez Palacios, que lograron dejar encerrados a al menos tres uniformados, detr\u00e1s de la cortina met\u00e1lica del domicilio ubicado en el bulevar Eduardo Vasconcelos de la capital.<\/p>\n\n\n\n<figure class=\"wp-block-embed-twitter wp-block-embed is-type-rich is-provider-twitter\"><div class=\"wp-block-embed__wrapper\">\n<div class=\"twitter-tweet\"><blockquote class=\"twitter-tweet\" data-lang=\"es\"><p lang=\"es\" dir=\"ltr\"><a href=\"https:\/\/twitter.com\/hashtag\/%C3%9AltimoMinuto?src=hash&amp;ref_src=twsrc%5Etfw\">#\u00daltimoMinuto<\/a> <br>Elementos de la polic\u00eda municipal de <a href=\"https:\/\/twitter.com\/hashtag\/Oaxaca?src=hash&amp;ref_src=twsrc%5Etfw\">#Oaxaca<\/a> de Ju\u00e1rez, allanaron esta tarde la casa de campa\u00f1a de <a href=\"https:\/\/twitter.com\/JavierVillacana?ref_src=twsrc%5Etfw\">@JavierVillacana<\/a> y posteriormente agredieron con gases lacrim\u00f3genos a los trabajadores de los medios de comunicaci\u00f3n, adem\u00e1s de retarlos e incriminarlos. <a href=\"https:\/\/t.co\/wYvQKJoZl0\">pic.twitter.com\/wYvQKJoZl0<\/a><\/p>&mdash; Zona Roja Oaxaca (@Zona_Roja_Oax) <a href=\"https:\/\/twitter.com\/Zona_Roja_Oax\/status\/1401705508730515456?ref_src=twsrc%5Etfw\">7 de junio de 2021<\/a><\/blockquote><\/div>\n<\/div><\/figure>\n\n\n\n<p>Periodistas que se hallaban en la zona para cubrir una conferencia citada a las 19:00 horas, cubrieron el acto violento, pero fueron tambi\u00e9n agredidos incluso con gases lacrim\u00f3genos.<\/p>\n\n\n\n<p>Minutos m\u00e1s tarde arrib\u00f3 Villaca\u00f1a con m\u00e1s seguidores y reclam\u00f3 la actitud de los uniformados; exigi\u00f3 al edil Oswaldo Garc\u00eda Jarqu\u00edn que cesara a Marcos Fredy Hern\u00e1ndez, coordinador de seguridad p\u00fablica.<\/p>\n\n\n\n<p>Lament\u00f3 la actitud del presidente municipal surgido del Partido Morena, de violentar el cierre de la jornada electoral, lo que consider\u00f3 un \u201cacto desesperado\u201d de los seguidores de Francisco Mart\u00ednez Neri.<\/p>\n\n\n\n<figure class=\"wp-block-embed-twitter wp-block-embed is-type-rich is-provider-twitter\"><div class=\"wp-block-embed__wrapper\">\n<div class=\"twitter-tweet\"><blockquote class=\"twitter-tweet\" data-lang=\"es\"><p lang=\"es\" dir=\"ltr\"><a href=\"https:\/\/twitter.com\/hashtag\/%C3%9AltimoMinuto?src=hash&amp;ref_src=twsrc%5Etfw\">#\u00daltimoMinuto<\/a> <br>(2) El candidato de la coalici\u00f3n \u201cVa por Oaxaca\u201d, <a href=\"https:\/\/twitter.com\/JavierVillacana?ref_src=twsrc%5Etfw\">@JavierVillacana<\/a>, recrimin\u00f3 la violencia por parte de polic\u00edas municipales de la capital; emplaz\u00f3 al presidente <a href=\"https:\/\/twitter.com\/oswaldogarciaj?ref_src=twsrc%5Etfw\">@oswaldogarciaj<\/a> a quitar del mando a Marcos Fredy Hern\u00e1ndez, de lo contrario habr\u00e1 movilizaciones. <a href=\"https:\/\/t.co\/r4EpjaW3io\">pic.twitter.com\/r4EpjaW3io<\/a><\/p>&mdash; Zona Roja Oaxaca (@Zona_Roja_Oax) <a href=\"https:\/\/twitter.com\/Zona_Roja_Oax\/status\/1401709819392786433?ref_src=twsrc%5Etfw\">7 de junio de 2021<\/a><\/blockquote><\/div>\n<\/div><\/figure>\n\n\n\n<p>\u201cTodo lo que provoca Marcos Fredy. No se vale que se metan con gente que nada tiene que ver, violentando la propiedad privada\u201d, dijo Villaca\u00f1a.<\/p>\n\n\n\n<p>En conferencia de prensa posterior, sostuvo que optaron por la v\u00eda local y que se dio parte a la Fiscal\u00eda para que act\u00fae e inicie las indagatorias correspondientes.<\/p>\n\n\n\n<p>\u201cYo entiendo que est\u00e1n desesperados, los resultados que nos han estado llegando nos dan ventajas en cada casilla\u201d, remarc\u00f3.<\/p>\n\n\n\n<figure class=\"wp-block-embed-twitter wp-block-embed is-type-rich is-provider-twitter\"><div class=\"wp-block-embed__wrapper\">\n<div class=\"twitter-tweet\"><blockquote class=\"twitter-tweet\" data-lang=\"es\"><p lang=\"es\" dir=\"ltr\"><a href=\"https:\/\/twitter.com\/hashtag\/%C3%9AltimoMinuto?src=hash&amp;ref_src=twsrc%5Etfw\">#\u00daltimoMinuto<\/a> <br>Tras las agresiones a su casa de campa\u00f1a y a sus seguidores, el aspirante a edil <a href=\"https:\/\/twitter.com\/JavierVillacana?ref_src=twsrc%5Etfw\">@JavierVillacana<\/a>, inform\u00f3 en conferencia de prensa que presentar\u00e1 las denuncias correspondientes para que se act\u00fae en contra de los polic\u00edas del <a href=\"https:\/\/twitter.com\/MunicipioOaxaca?ref_src=twsrc%5Etfw\">@MunicipioOaxaca<\/a>. <a href=\"https:\/\/t.co\/5l0CJHk7Jt\">pic.twitter.com\/5l0CJHk7Jt<\/a><\/p>&mdash; Zona Roja Oaxaca (@Zona_Roja_Oax) <a href=\"https:\/\/twitter.com\/Zona_Roja_Oax\/status\/1401714744436965378?ref_src=twsrc%5Etfw\">7 de junio de 2021<\/a><\/blockquote><\/div>\n<\/div><\/figure>\n","protected":false},"excerpt":{"rendered":"<p>Redacci\u00f3n\/Zona Roja. Oaxaca de Ju\u00e1rez, Oax., 6 de junio de 2021.- Minutos antes de las&hellip;<\/p>\n","protected":false},"author":2,"featured_media":28230,"comment_status":"closed","ping_status":"open","sticky":false,"template":"","format":"standard","meta":{"_lmt_disableupdate":"","_lmt_disable":"","_jetpack_memberships_contains_paid_content":false,"footnotes":""},"categories":[109,47],"tags":[2456],"class_list":["post-28229","post","type-post","status-publish","format-standard","has-post-thumbnail","hentry","category-minuto-a-minuto","category-zona-gris","tag-javier-villacana-jimenez"],"jetpack_featured_media_url":"https:\/\/zonaroja.com.mx\/wp-content\/uploads\/2021\/06\/Agresion-casa-de-campana-Villacana.jpg","jetpack_sharing_enabled":true,"_links":{"self":[{"href":"https:\/\/zonaroja.com.mx\/index.php?rest_route=\/wp\/v2\/posts\/28229","targetHints":{"allow":["GET"]}}],"collection":[{"href":"https:\/\/zonaroja.com.mx\/index.php?rest_route=\/wp\/v2\/posts"}],"about":[{"href":"https:\/\/zonaroja.com.mx\/index.php?rest_route=\/wp\/v2\/types\/post"}],"author":[{"embeddable":true,"href":"https:\/\/zonaroja.com.mx\/index.php?rest_route=\/wp\/v2\/users\/2"}],"replies":[{"embeddable":true,"href":"https:\/\/zonaroja.com.mx\/index.php?rest_route=%2Fwp%2Fv2%2Fcomments&post=28229"}],"version-history":[{"count":1,"href":"https:\/\/zonaroja.com.mx\/index.php?rest_route=\/wp\/v2\/posts\/28229\/revisions"}],"predecessor-version":[{"id":28231,"href":"https:\/\/zonaroja.com.mx\/index.php?rest_route=\/wp\/v2\/posts\/28229\/revisions\/28231"}],"wp:featuredmedia":[{"embeddable":true,"href":"https:\/\/zonaroja.com.mx\/index.php?rest_route=\/wp\/v2\/media\/28230"}],"wp:attachment":[{"href":"https:\/\/zonaroja.com.mx\/index.php?rest_route=%2Fwp%2Fv2%2Fmedia&parent=28229"}],"wp:term":[{"taxonomy":"category","embeddable":true,"href":"https:\/\/zonaroja.com.mx\/index.php?rest_route=%2Fwp%2Fv2%2Fcategories&post=28229"},{"taxonomy":"post_tag","embeddable":true,"href":"https:\/\/zonaroja.com.mx\/index.php?rest_route=%2Fwp%2Fv2%2Ftags&post=28229"}],"curies":[{"name":"wp","href":"https:\/\/api.w.org\/{rel}","templated":true}]}}