{"id":28232,"date":"2021-06-06T22:12:06","date_gmt":"2021-06-07T03:12:06","guid":{"rendered":"http:\/\/www.zonaroja.com.mx\/?p=28232"},"modified":"2021-06-06T22:12:10","modified_gmt":"2021-06-07T03:12:10","slug":"investigan-a-elementos-de-la-policia-de-santa-lucia-por-disparos","status":"publish","type":"post","link":"https:\/\/zonaroja.com.mx\/?p=28232","title":{"rendered":"Investigan a elementos de la polic\u00eda de Santa Luc\u00eda por disparos"},"content":{"rendered":"\n<p>Redacci\u00f3n\/Zona Roja.<\/p>\n\n\n\n<p>Oaxaca de Ju\u00e1rez, Oax., 6 de junio de 2021.- Los dos sujetos que efectuaron disparos hoy en la colonia Aquiles Serd\u00e1n podr\u00edan ser polic\u00edas municipales de Santa Luc\u00eda del Camino.<\/p>\n\n\n\n<p>De acuerdo con fotograf\u00edas y videos de c\u00e1maras ubicadas en establecimientos y domicilios de la zona, se trata de dos sujetos con pelo corto, en motocicleta, similar a una que estuvo estacionada en las oficinas de campa\u00f1a del Partido del Trabajo, en Calicanto 102, colonia del Bosque.<\/p>\n\n\n\n<p>En dicho sitio, desde hace m\u00e1s de una semana se concentraron, tanto en el exterior como en el interior, polic\u00edas vestidos de civil, para resguardar el domicilio, que desde hace m\u00e1s de dos meses fue remodelado con recursos municipales.<\/p>\n\n\n\n<p>La Fiscal\u00eda General del Estado de Oaxaca ya pidi\u00f3 tambi\u00e9n videos de c\u00e1maras en el exterior de ese inmueble, para corroborar la similitud de los polic\u00edas que resguardaban ah\u00ed con quienes dispararon alrededor de las 12:45 horas, en la calle Aldama de la colonia Aquiles Serd\u00e1n, donde dispararon en al menos 10 ocasiones tras lo cual huyeron.<\/p>\n\n\n\n<figure class=\"wp-block-embed-twitter wp-block-embed is-type-rich is-provider-twitter\"><div class=\"wp-block-embed__wrapper\">\n<div class=\"twitter-tweet\"><blockquote class=\"twitter-tweet\" data-lang=\"es\"><p lang=\"es\" dir=\"ltr\"><a href=\"https:\/\/twitter.com\/hashtag\/%C3%9AltimoMinuto?src=hash&amp;ref_src=twsrc%5Etfw\">#\u00daltimoMinuto<\/a> <br>Hora y media despu\u00e9s de reportados los hechos, llega personal de la <a href=\"https:\/\/twitter.com\/FISCALIA_GobOax?ref_src=twsrc%5Etfw\">@FISCALIA_GobOax<\/a>  a la calle Aldama de la colonia Aquiles Serd\u00e1n, Santa Luc\u00eda del Camino, para iniciar la indagatoria respecto a los disparos al aire. <a href=\"https:\/\/t.co\/1bVKShShHC\">pic.twitter.com\/1bVKShShHC<\/a><\/p>&mdash; Zona Roja Oaxaca (@Zona_Roja_Oax) <a href=\"https:\/\/twitter.com\/Zona_Roja_Oax\/status\/1401617262965108739?ref_src=twsrc%5Etfw\">6 de junio de 2021<\/a><\/blockquote><\/div>\n<\/div><\/figure>\n\n\n\n<p>Seg\u00fan vecinos de ese asentamiento, ello fue por la \u201cinminente derrota de Dante Monta\u00f1o, quien ordena a sus polic\u00edas municipales vestidos de civil, realizar disparos de arma de fuego.<\/p>\n\n\n\n<p>Lamentaron que se haya puesto en riesgo a adultos, mujeres y ni\u00f1os que transitaban de manera continua en esa calle, pues cuadras adelante se instal\u00f3 una casilla electoral, en la secundaria \u201cGuadalupe Hinojosa\u201d.<\/p>\n\n\n\n<p>Los vecinos describieron que fueron dos sujetos que vest\u00edan pantal\u00f3n de mezclilla y playera verde y el segundo pantal\u00f3n negro y\u00a0 camisa clara de cuadros con l\u00edneas azul a bordo de una motocicleta negra con gris, por lo cual exigen a la Fiscal\u00eda General llegar hasta las \u00faltimas consecuencias.<\/p>\n\n\n\n<figure class=\"wp-block-image size-large\"><img decoding=\"async\" width=\"742\" height=\"943\" src=\"http:\/\/www.zonaroja.com.mx\/wp-content\/uploads\/2021\/06\/Santa-Lucia-armados-2.jpg\" alt=\"\" class=\"wp-image-28234\" srcset=\"https:\/\/zonaroja.com.mx\/wp-content\/uploads\/2021\/06\/Santa-Lucia-armados-2.jpg 742w, https:\/\/zonaroja.com.mx\/wp-content\/uploads\/2021\/06\/Santa-Lucia-armados-2-236x300.jpg 236w, https:\/\/zonaroja.com.mx\/wp-content\/uploads\/2021\/06\/Santa-Lucia-armados-2-585x743.jpg 585w\" sizes=\"(max-width: 742px) 100vw, 742px\" \/><\/figure>\n","protected":false},"excerpt":{"rendered":"<p>Redacci\u00f3n\/Zona Roja. Oaxaca de Ju\u00e1rez, Oax., 6 de junio de 2021.- Los dos sujetos que&hellip;<\/p>\n","protected":false},"author":2,"featured_media":28233,"comment_status":"closed","ping_status":"open","sticky":false,"template":"","format":"standard","meta":{"_lmt_disableupdate":"","_lmt_disable":"","_jetpack_memberships_contains_paid_content":false,"footnotes":""},"categories":[109,47],"tags":[],"class_list":["post-28232","post","type-post","status-publish","format-standard","has-post-thumbnail","hentry","category-minuto-a-minuto","category-zona-gris"],"jetpack_featured_media_url":"https:\/\/zonaroja.com.mx\/wp-content\/uploads\/2021\/06\/Santa-Lucia-1-armados.png","jetpack_sharing_enabled":true,"_links":{"self":[{"href":"https:\/\/zonaroja.com.mx\/index.php?rest_route=\/wp\/v2\/posts\/28232","targetHints":{"allow":["GET"]}}],"collection":[{"href":"https:\/\/zonaroja.com.mx\/index.php?rest_route=\/wp\/v2\/posts"}],"about":[{"href":"https:\/\/zonaroja.com.mx\/index.php?rest_route=\/wp\/v2\/types\/post"}],"author":[{"embeddable":true,"href":"https:\/\/zonaroja.com.mx\/index.php?rest_route=\/wp\/v2\/users\/2"}],"replies":[{"embeddable":true,"href":"https:\/\/zonaroja.com.mx\/index.php?rest_route=%2Fwp%2Fv2%2Fcomments&post=28232"}],"version-history":[{"count":1,"href":"https:\/\/zonaroja.com.mx\/index.php?rest_route=\/wp\/v2\/posts\/28232\/revisions"}],"predecessor-version":[{"id":28235,"href":"https:\/\/zonaroja.com.mx\/index.php?rest_route=\/wp\/v2\/posts\/28232\/revisions\/28235"}],"wp:featuredmedia":[{"embeddable":true,"href":"https:\/\/zonaroja.com.mx\/index.php?rest_route=\/wp\/v2\/media\/28233"}],"wp:attachment":[{"href":"https:\/\/zonaroja.com.mx\/index.php?rest_route=%2Fwp%2Fv2%2Fmedia&parent=28232"}],"wp:term":[{"taxonomy":"category","embeddable":true,"href":"https:\/\/zonaroja.com.mx\/index.php?rest_route=%2Fwp%2Fv2%2Fcategories&post=28232"},{"taxonomy":"post_tag","embeddable":true,"href":"https:\/\/zonaroja.com.mx\/index.php?rest_route=%2Fwp%2Fv2%2Ftags&post=28232"}],"curies":[{"name":"wp","href":"https:\/\/api.w.org\/{rel}","templated":true}]}}