{"id":2824,"date":"2019-08-04T19:11:00","date_gmt":"2019-08-05T00:11:00","guid":{"rendered":"http:\/\/www.zonaroja.com.mx\/?p=2824"},"modified":"2019-08-04T19:11:02","modified_gmt":"2019-08-05T00:11:02","slug":"fallece-entrenador-baleado-en-la-capital-crimen-sigue-impune","status":"publish","type":"post","link":"https:\/\/zonaroja.com.mx\/?p=2824","title":{"rendered":"Fallece entrenador baleado en la capital; crimen sigue impune"},"content":{"rendered":"\n<p>Redacci\u00f3n\/Zona\nRoja.<\/p>\n\n\n\n<p>Oaxaca de\nJu\u00e1rez, Oax., 4 de agosto de 2019.- Alrededor de las 14:00 horas de este\ndomingo falleci\u00f3 el entrenador deportivo baleado el pasado jueves en la agencia\nSan Felipe del Agua, del municipio de Oaxaca de Ju\u00e1rez. A cuatro d\u00edas, el\ncrimen permanece impune y no hay personas detenidas.<\/p>\n\n\n\n<p>Jonathan Jim\u00e9nez\nSantos, de aproximadamente 35 a\u00f1os de edad, fue atacado a balazos este 1 de\nagosto, aproximadamente a las 10:00 horas, cuando se dispon\u00eda a abordar su\nveh\u00edculo, tras concluir actividades en el parque \u201cLuis Donaldo Colosio\u201d.<\/p>\n\n\n\n<p>Param\u00e9dicos\ndel Heroico Cuerpo de Bomberos y otras corporaciones arribaron al lugar para\nbrindarle los primeros auxilios; seg\u00fan informaron entonces, presentaba cuatro\ndisparos de arma de fuego, dos de ellos en el pecho y dos m\u00e1s en las piernas.<\/p>\n\n\n\n<p>Fue trasladado\na la cl\u00ednica privada \u201cSan Lucas\u201d de la colonia Reforma, ciudad de Oaxaca, donde\ndebido a la gravedad de las heridas, finalmente falleci\u00f3, seg\u00fan se inform\u00f3 la\ntarde de hoy.<\/p>\n\n\n\n<p>Hasta el momento\nla Fiscal\u00eda General del Estado no tiene ninguna persona detenida por este caso\nni ha dado a conocer cu\u00e1les son las l\u00edneas de investigaci\u00f3n que trabaja para\nesclarecer el caso.<\/p>\n","protected":false},"excerpt":{"rendered":"<p>Redacci\u00f3n\/Zona Roja. Oaxaca de Ju\u00e1rez, Oax., 4 de agosto de 2019.- Alrededor de las 14:00&hellip;<\/p>\n","protected":false},"author":2,"featured_media":2729,"comment_status":"closed","ping_status":"open","sticky":false,"template":"","format":"standard","meta":{"_lmt_disableupdate":"","_lmt_disable":"","_jetpack_memberships_contains_paid_content":false,"footnotes":""},"categories":[109,51],"tags":[478],"class_list":["post-2824","post","type-post","status-publish","format-standard","has-post-thumbnail","hentry","category-minuto-a-minuto","category-zona-roja","tag-fallece-entrenador-baleado-en-la-capital-de-oaxaca"],"jetpack_featured_media_url":"https:\/\/zonaroja.com.mx\/wp-content\/uploads\/2019\/08\/61f414d1-d50f-448c-bb6f-9a59c265b237.jpg","jetpack_sharing_enabled":true,"_links":{"self":[{"href":"https:\/\/zonaroja.com.mx\/index.php?rest_route=\/wp\/v2\/posts\/2824","targetHints":{"allow":["GET"]}}],"collection":[{"href":"https:\/\/zonaroja.com.mx\/index.php?rest_route=\/wp\/v2\/posts"}],"about":[{"href":"https:\/\/zonaroja.com.mx\/index.php?rest_route=\/wp\/v2\/types\/post"}],"author":[{"embeddable":true,"href":"https:\/\/zonaroja.com.mx\/index.php?rest_route=\/wp\/v2\/users\/2"}],"replies":[{"embeddable":true,"href":"https:\/\/zonaroja.com.mx\/index.php?rest_route=%2Fwp%2Fv2%2Fcomments&post=2824"}],"version-history":[{"count":1,"href":"https:\/\/zonaroja.com.mx\/index.php?rest_route=\/wp\/v2\/posts\/2824\/revisions"}],"predecessor-version":[{"id":2825,"href":"https:\/\/zonaroja.com.mx\/index.php?rest_route=\/wp\/v2\/posts\/2824\/revisions\/2825"}],"wp:featuredmedia":[{"embeddable":true,"href":"https:\/\/zonaroja.com.mx\/index.php?rest_route=\/wp\/v2\/media\/2729"}],"wp:attachment":[{"href":"https:\/\/zonaroja.com.mx\/index.php?rest_route=%2Fwp%2Fv2%2Fmedia&parent=2824"}],"wp:term":[{"taxonomy":"category","embeddable":true,"href":"https:\/\/zonaroja.com.mx\/index.php?rest_route=%2Fwp%2Fv2%2Fcategories&post=2824"},{"taxonomy":"post_tag","embeddable":true,"href":"https:\/\/zonaroja.com.mx\/index.php?rest_route=%2Fwp%2Fv2%2Ftags&post=2824"}],"curies":[{"name":"wp","href":"https:\/\/api.w.org\/{rel}","templated":true}]}}