{"id":28240,"date":"2021-06-07T07:48:47","date_gmt":"2021-06-07T12:48:47","guid":{"rendered":"http:\/\/www.zonaroja.com.mx\/?p=28240"},"modified":"2021-06-07T07:48:52","modified_gmt":"2021-06-07T12:48:52","slug":"morena-primera-fuerza-en-congreso-federal-pero-pierde-mayoria-calificada","status":"publish","type":"post","link":"https:\/\/zonaroja.com.mx\/?p=28240","title":{"rendered":"Morena, primera fuerza en Congreso federal, pero pierde mayor\u00eda calificada"},"content":{"rendered":"\n<p>Redacci\u00f3n\/Zona Roja Cdmx.<\/p>\n\n\n\n<p>Ciudad de M\u00e9xico, 7 de junio de 2021.- Morena podr\u00eda quedar sin su mayor\u00eda calificada para la pr\u00f3xima Legislatura federal, de acuerdo con los resultados de los conteos r\u00e1pidos que emiti\u00f3 ayer Lorenzo C\u00f3rdova, presidente del Consejo General del Instituto Nacional Electoral (INE), durante un mensaje en cadena nacional transmitido a las 23:00.<\/p>\n\n\n\n<p>Detall\u00f3 que Morena ocupar\u00eda entre 190 y 203 curules; el PAN, entre 106 y 117; el PRI, entre 63 y 75; el PVEM, entre 40 y 48; el PT, entre 35 y41; MC, entre 20 y 27; el PRD, entre 12 y 21; el PES si acaso ocupar\u00eda como m\u00e1ximo seis curules.<\/p>\n\n\n\n<p>A\u00fan con el PT de aliado, y si el PVEM quisiera mantenerse como sat\u00e9lite de Morena, al partido del presidente L\u00f3pez Obrador no le alcanzar\u00eda la mayor\u00eda calificada, necesaria para aprobar reformas constitucionales.<\/p>\n\n\n\n<p>Los que de plano ni figuran en la pr\u00f3xima Legislatura son Redes Sociales Progresistas y Fuerza por M\u00e9xico, partidos de reciente creaci\u00f3n.<\/p>\n\n\n\n<p>Morena obtuvo una votaci\u00f3n de entre 34.9 y 35.8 por ciento; el PAN, entre 18.5 y 19.3 de la votaci\u00f3n; el PRI, entre 17.8 y 18.5 de la votaci\u00f3n.<\/p>\n\n\n\n<p>Movimiento Ciudadano consigui\u00f3 un porcentaje de entre 7.1 y 7.5 por ciento de la votaci\u00f3n; el PVEM, en quinto lugar con 5.5 y 6.0 de la votaci\u00f3n.<\/p>\n\n\n\n<p>El PRD, entre 3.5 y 3.9 por ciento; el PT, 3.1 y 3.5 por ciento; PES, 2.7 y 3 por ciento de la votaci\u00f3n; Fuerza por M\u00e9xico, 2.6 y 2.8 por ciento; Redes Sociales Progresistas, 1.8 y 2.0.<\/p>\n\n\n\n<p>Los candidatos independientes a una diputaci\u00f3n federal apenas registraron entre 0.1 y 0.3 por ciento de la votaci\u00f3n.<\/p>\n\n\n\n<p>En la actual Legislatura, Morena cuenta con 253 diputados; el PAN, 79; el PRI, 49; el PT, 47; Movimiento Ciudadano, 25; el PES, 21; PRD, 11; PVEM, 11; y cuatro legisladores no tienen partido.<\/p>\n\n\n\n<p>PIDE NO ARRUINAR FIESTA<\/p>\n\n\n\n<p>Durante la sesi\u00f3n permanente del Consejo General, C\u00f3rdova Vianello reproch\u00f3 que los partidos hayan comenzado a adelantar triunfos con un avance de apenas 30 por ciento del Programa de Resultados Electorales Preliminares (PREP), por lo que hizo un llamado a los partidos a \u201cterminar bien lo que comenz\u00f3 bien\u201d.<\/p>\n\n\n\n<p>\u201cNadie gan\u00f3 todo y nadie perdi\u00f3 todo, eso es previsible porque las elecciones lo que hacen es recoger la pluralidad, no echemos a perder la fiesta\u201d, destac\u00f3.<\/p>\n\n\n\n<p>El consejero Ciro Murayama resalt\u00f3 los casos de Nuevo Le\u00f3n y Campeche, pues Adri\u00e1n de la Garza y Samuel Garc\u00eda, aspirantes de PRI y Movimiento Ciudadano a la gubernatura de Nuevo Le\u00f3n, respectivamente, y Christian Castro y Layda Sansores, aspirantes de PRI-PAN-PRD y Morena-PT a la gubernatura de Campeche, respectivamente, se atribuyeron triunfos desde las 18:00 horas cuando a\u00fan hab\u00eda gente formada en las casillas.<\/p>\n\n\n\n<p>\u201cAqu\u00ed estamos en un ambiente de di\u00e1logo, pero en las calles de ciudades, entidades y municipios el ambiente puede no ser este , y que desde la irresponsabilidad pol\u00edtica con herramientas imperfectas, se adelanten, s\u00f3lo contribuye a la desaz\u00f3n y enrarecimiento\u201d, se\u00f1al\u00f3.<\/p>\n\n\n\n<p>\u201cUn poco de templanza, de madurez, de responsabilidad es lo que la ciudadan\u00eda se merece despu\u00e9s de la demostraci\u00f3n de civismo que vimos, \u00bfno se pudo frenar la tentaci\u00f3n del madruguete?\u201d, cuestion\u00f3 el consejero.<\/p>\n\n\n\n<p>(Informaci\u00f3n de \u201cEl Financiero\u201d)<\/p>\n","protected":false},"excerpt":{"rendered":"<p>Redacci\u00f3n\/Zona Roja Cdmx. Ciudad de M\u00e9xico, 7 de junio de 2021.- Morena podr\u00eda quedar sin&hellip;<\/p>\n","protected":false},"author":2,"featured_media":28241,"comment_status":"closed","ping_status":"open","sticky":false,"template":"","format":"standard","meta":{"_lmt_disableupdate":"","_lmt_disable":"","_jetpack_memberships_contains_paid_content":false,"footnotes":""},"categories":[109,47],"tags":[2425],"class_list":["post-28240","post","type-post","status-publish","format-standard","has-post-thumbnail","hentry","category-minuto-a-minuto","category-zona-gris","tag-elecciones-mexico-2021"],"jetpack_featured_media_url":"https:\/\/zonaroja.com.mx\/wp-content\/uploads\/2021\/06\/Camara-de-Diputados.jpg","jetpack_sharing_enabled":true,"_links":{"self":[{"href":"https:\/\/zonaroja.com.mx\/index.php?rest_route=\/wp\/v2\/posts\/28240","targetHints":{"allow":["GET"]}}],"collection":[{"href":"https:\/\/zonaroja.com.mx\/index.php?rest_route=\/wp\/v2\/posts"}],"about":[{"href":"https:\/\/zonaroja.com.mx\/index.php?rest_route=\/wp\/v2\/types\/post"}],"author":[{"embeddable":true,"href":"https:\/\/zonaroja.com.mx\/index.php?rest_route=\/wp\/v2\/users\/2"}],"replies":[{"embeddable":true,"href":"https:\/\/zonaroja.com.mx\/index.php?rest_route=%2Fwp%2Fv2%2Fcomments&post=28240"}],"version-history":[{"count":1,"href":"https:\/\/zonaroja.com.mx\/index.php?rest_route=\/wp\/v2\/posts\/28240\/revisions"}],"predecessor-version":[{"id":28242,"href":"https:\/\/zonaroja.com.mx\/index.php?rest_route=\/wp\/v2\/posts\/28240\/revisions\/28242"}],"wp:featuredmedia":[{"embeddable":true,"href":"https:\/\/zonaroja.com.mx\/index.php?rest_route=\/wp\/v2\/media\/28241"}],"wp:attachment":[{"href":"https:\/\/zonaroja.com.mx\/index.php?rest_route=%2Fwp%2Fv2%2Fmedia&parent=28240"}],"wp:term":[{"taxonomy":"category","embeddable":true,"href":"https:\/\/zonaroja.com.mx\/index.php?rest_route=%2Fwp%2Fv2%2Fcategories&post=28240"},{"taxonomy":"post_tag","embeddable":true,"href":"https:\/\/zonaroja.com.mx\/index.php?rest_route=%2Fwp%2Fv2%2Ftags&post=28240"}],"curies":[{"name":"wp","href":"https:\/\/api.w.org\/{rel}","templated":true}]}}