{"id":28245,"date":"2021-06-07T10:17:07","date_gmt":"2021-06-07T15:17:07","guid":{"rendered":"http:\/\/www.zonaroja.com.mx\/?p=28245"},"modified":"2021-06-07T11:19:11","modified_gmt":"2021-06-07T16:19:11","slug":"opinion-oaxaca-y-el-2022-la-guerra-que-viene","status":"publish","type":"post","link":"https:\/\/zonaroja.com.mx\/?p=28245","title":{"rendered":"Opini\u00f3n. Oaxaca y el 2022: la guerra que viene"},"content":{"rendered":"\n<p>Ismael Garc\u00eda M.\/Zona Roja.<\/p>\n\n\n\n<p>Oaxaca de Ju\u00e1rez, Oax., 7 de junio de 2021.- El proceso comicial que concluy\u00f3 este domingo fue un ensayo de lo que est\u00e1 por venir en el 2022: guerra de acusaciones, mucha violencia y continuidad de la hegemon\u00eda de Morena\u2026 aunque.<\/p>\n\n\n\n<p>Hegemon\u00eda de Morena que no est\u00e1 del todo clara, pues en el caso de los comicios celebrados en el pa\u00eds, si bien avanz\u00f3 significativamente en las gubernaturas disputadas, en la C\u00e1mara de Diputados federal tuvo un retroceso.<\/p>\n\n\n\n<p>En el Poder Legislativo, irremediablemente tendr\u00e1 que pactar y aliarse con la \u201cchiquillada\u201d, como el PT y el PVEM, que ahora le cobrar\u00e1 facturas m\u00e1s altas. En Oaxaca, por cierto, Morena arras\u00f3 en los 10 distritos.<\/p>\n\n\n\n<p>Con respecto a esta entidad, en el proceso electoral tambi\u00e9n hubo retrocesos para el morenismo, pues de ganar hace tres a\u00f1os pr\u00e1cticamente la totalidad de las 25 diputaciones locales (24), ahora le arrebatar\u00e1n cuando menos cinco.<\/p>\n\n\n\n<p>Huelga decir que en esta colaboraci\u00f3n omitiremos las cifras, pues con los que se cuentan son del Programa de Resultados Electorales Preliminares, que podr\u00edan variar, y los datos definitivos ser\u00e1n del conteo que realice el Instituto Estatal Electoral, con base en las boletas.<\/p>\n\n\n\n<p>Con respecto a los 153 ayuntamientos en disputa, un caso emblem\u00e1tico es la capital del estado, pues Francisco Mart\u00ednez Neri obtuvo, de manera preliminar, una amplia ventaja sobre Javier Villaca\u00f1a Jim\u00e9nez, quien ten\u00eda todo para ganar, estructura, recursos, alianza in\u00e9dita entre el PRI-PAN-PRD, respaldo federal, entre otros.<\/p>\n\n\n\n<p>\u00bfGAN\u00d3 SALOM\u00d3N?<\/p>\n\n\n\n<p>\u00bfGan\u00f3 Morena? Digamos que se mantuvo, no ampli\u00f3 su presencia pol\u00edtica, a pesar de ser uno de las entidades m\u00e1s consentidas presupuestalmente por el Presidente Andr\u00e9s Manuel L\u00f3pez Obrador.<\/p>\n\n\n\n<p>\u00bfGan\u00f3 Salom\u00f3n Jara? Evidentemente que no, pues ha construido sus redes a base de enga\u00f1os, prebendas, decisiones personales, lo que gener\u00f3 que mes y medio antes de los comicios, se ahondara la divisi\u00f3n entre los morenistas oaxaque\u00f1os.<\/p>\n\n\n\n<p>No hay hegemon\u00eda de Morena, como tampoco de Salom\u00f3n Jara y en los pr\u00f3ximos meses surgir\u00e1n nuevos liderazgos, uno con tinte femenino, que terminar\u00e1n por enterrar los sue\u00f1os del senador.<\/p>\n\n\n\n<p>\u00bfQu\u00e9 fue del PRI? Si bien los tiempos de anta\u00f1o ya no regresar\u00e1n, y hasta ahora no ha logrado transformarse como partido o mutar, como lo hizo el PRD hacia Morena, en el caso de Oaxaca tuvo una ligera recuperaci\u00f3n, tanto en el Congreso local como en algunos ayuntamientos. PRI representa tambi\u00e9n la derrota de Alejandro Avil\u00e9s, que se crey\u00f3, o se cree, el mandam\u00e1s del partido, por encima de Eviel P\u00e9rez.<\/p>\n\n\n\n<p>Sin embargo, tuvo que recurrir a sus otrora enemigos pol\u00edticos, como es el PRD y el PAN, que tampoco tuvieron un resurgimiento que se esperaba.<\/p>\n\n\n\n<p>Los tres tristes tigres no tienen, por ahora, mayor relevancia ni la tendr\u00e1n en los comicios siguientes, si no mejoran sus estrategias.<\/p>\n\n\n\n<p>LO QUE VIENE<\/p>\n\n\n\n<p>En septiembre inicia el proceso electoral 2021-2022, en que se renovar\u00e1 la gubernatura del estado.<\/p>\n\n\n\n<p>La guerra de acusaciones continuar\u00e1, y la violencia tambi\u00e9n, pues a nivel nacional es cada vez m\u00e1s generalizada; el crimen organizado crece, sin que haya, hasta ahora, poder humano que lo detenga, pues pervive y aumenta a base de la corrupci\u00f3n.<\/p>\n\n\n\n<p>En lo pol\u00edtico, Morena no tiene todo a su favor, pero tampoco el PRI ni mucho menos los partidos peque\u00f1os, que varios de ellos desaparecer\u00e1n; uno en particular, Fuerza por M\u00e9xico, del dirigente nacional de CATEM, Pedro Haces Barba, que so\u00f1aba con sustituir a Morena y ganarse las simpat\u00edas de L\u00f3pez Obrador.<\/p>\n\n\n\n<p>O el PRI, el PAN y PRD se transforman, o quedar\u00e1n enterrados definitivamente el pr\u00f3ximo a\u00f1o.<\/p>\n\n\n\n<p>O Morena se transforma y realmente deja atr\u00e1s los vicios del perredismo, o tambi\u00e9n el elector tomar\u00e1 otras decisiones.<\/p>\n\n\n\n<p>En menos de un lustro, los morenistas se olvidaron del \u201cno robar, no mentir y no traicionar al pueblo\u201d, y ello los podr\u00eda llevar a la tumba el pr\u00f3ximo a\u00f1o.<\/p>\n\n\n\n<p>Por lo pronto, los resultados de su partido, el tricolor &#8211;pese a los esfuerzos que haga&#8211;, no ser\u00edan preocupaci\u00f3n de Alejandro Murat, sino cumplir con un pacto que inici\u00f3 con su mandato. Y lo cumplir\u00e1.<\/p>\n","protected":false},"excerpt":{"rendered":"<p>Ismael Garc\u00eda M.\/Zona Roja. Oaxaca de Ju\u00e1rez, Oax., 7 de junio de 2021.- El proceso&hellip;<\/p>\n","protected":false},"author":2,"featured_media":7610,"comment_status":"closed","ping_status":"open","sticky":false,"template":"","format":"standard","meta":{"_lmt_disableupdate":"","_lmt_disable":"","_jetpack_memberships_contains_paid_content":false,"footnotes":""},"categories":[456,109,48],"tags":[1353],"class_list":["post-28245","post","type-post","status-publish","format-standard","has-post-thumbnail","hentry","category-columna","category-minuto-a-minuto","category-zona-critica","tag-opinion-zona-critica"],"jetpack_featured_media_url":"https:\/\/zonaroja.com.mx\/wp-content\/uploads\/2020\/01\/Opini\u00f3n-Zona-Cr\u00edtica.jpg","jetpack_sharing_enabled":true,"_links":{"self":[{"href":"https:\/\/zonaroja.com.mx\/index.php?rest_route=\/wp\/v2\/posts\/28245","targetHints":{"allow":["GET"]}}],"collection":[{"href":"https:\/\/zonaroja.com.mx\/index.php?rest_route=\/wp\/v2\/posts"}],"about":[{"href":"https:\/\/zonaroja.com.mx\/index.php?rest_route=\/wp\/v2\/types\/post"}],"author":[{"embeddable":true,"href":"https:\/\/zonaroja.com.mx\/index.php?rest_route=\/wp\/v2\/users\/2"}],"replies":[{"embeddable":true,"href":"https:\/\/zonaroja.com.mx\/index.php?rest_route=%2Fwp%2Fv2%2Fcomments&post=28245"}],"version-history":[{"count":2,"href":"https:\/\/zonaroja.com.mx\/index.php?rest_route=\/wp\/v2\/posts\/28245\/revisions"}],"predecessor-version":[{"id":28247,"href":"https:\/\/zonaroja.com.mx\/index.php?rest_route=\/wp\/v2\/posts\/28245\/revisions\/28247"}],"wp:featuredmedia":[{"embeddable":true,"href":"https:\/\/zonaroja.com.mx\/index.php?rest_route=\/wp\/v2\/media\/7610"}],"wp:attachment":[{"href":"https:\/\/zonaroja.com.mx\/index.php?rest_route=%2Fwp%2Fv2%2Fmedia&parent=28245"}],"wp:term":[{"taxonomy":"category","embeddable":true,"href":"https:\/\/zonaroja.com.mx\/index.php?rest_route=%2Fwp%2Fv2%2Fcategories&post=28245"},{"taxonomy":"post_tag","embeddable":true,"href":"https:\/\/zonaroja.com.mx\/index.php?rest_route=%2Fwp%2Fv2%2Ftags&post=28245"}],"curies":[{"name":"wp","href":"https:\/\/api.w.org\/{rel}","templated":true}]}}