{"id":28248,"date":"2021-06-07T11:25:34","date_gmt":"2021-06-07T16:25:34","guid":{"rendered":"http:\/\/www.zonaroja.com.mx\/?p=28248"},"modified":"2021-06-07T11:25:37","modified_gmt":"2021-06-07T16:25:37","slug":"relatora-de-onu-llama-al-estado-mexicano-a-garantizar-seguridad-de-soledad-jarquin","status":"publish","type":"post","link":"https:\/\/zonaroja.com.mx\/?p=28248","title":{"rendered":"Relatora de ONU llama al Estado mexicano a garantizar seguridad de Soledad Jarqu\u00edn"},"content":{"rendered":"\n<p>Editorial\/Zona Roja.<\/p>\n\n\n\n<p>Oaxaca de Ju\u00e1rez, Oax., 7 de Junio del 2021.- La relatora especial sobre la situaci\u00f3n de personas defensoras de derechos humanos de la ONU, Mary Lawlor, pidi\u00f3 a las autoridades mexicanas garantizar la seguridad de la periodista Soledad Jarqu\u00edn Edgar, en el marco del tercer aniversario del feminicidio de su hija Mar\u00eda del Sol Cruz Jarquin.<\/p>\n\n\n\n<p>A tres a\u00f1os del feminicidio de Mar\u00eda del Sol, la comunicadora oaxaque\u00f1a ha denunciado junto con organizaciones feministas la impunidad en el caso, de ah\u00ed que impulsaron la campa\u00f1a \u201cJusticia Para Sol es Justicia para Todas\u201d.<\/p>\n\n\n\n<p>En este contexto, Lawlor mand\u00f3 un mensaje a trav\u00e9s de un video en redes sociales en el que expres\u00f3: \u201ccon mucha tristeza una vez m\u00e1s hago un llamado para la seguridad de Soledad Jarqu\u00edn quien lucha por la justicia y rendici\u00f3n de cuentas por el asesinato de su hija Mar\u00eda del Sol\u201d.<\/p>\n\n\n\n<p>Mencion\u00f3 que en el 2020 abord\u00f3 este caso con las autoridades mexicanas, asimismo manifest\u00f3 su preocupaci\u00f3n por las amenazas que reciben las mujeres defensoras en la regi\u00f3n.<\/p>\n\n\n\n<p>La relatora de la ONU ha tenido comunicaci\u00f3n directa con personas defensoras locales quienes le han hecho saber los riesgos que enfrentan en su labor de defensa de derechos humanos.<\/p>\n\n\n\n<p>\u201cSabemos que M\u00e9xico es un lugar muy peligroso para quienes luchan por la justicia y que Oaxaca es un lugar especialmente riesgoso en M\u00e9xico para personas defensoras de derechos humanos y en particular para mujeres defensoras\u201d, expres\u00f3 en el video.<\/p>\n\n\n\n<p>En su mensaje, Mary Lawlor se comprometi\u00f3 a seguir abordando estas problem\u00e1ticas con las autoridades mexicanas en lo p\u00fablico como en lo privado.<\/p>\n\n\n\n<p>Finalmente reconoci\u00f3 el trabajo que realizan las personas defensoras de derechos humanos a pesar de las circunstancias adversas que enfrentan.<\/p>\n\n\n\n<p>(Comunicado)<\/p>\n","protected":false},"excerpt":{"rendered":"<p>Editorial\/Zona Roja. Oaxaca de Ju\u00e1rez, Oax., 7 de Junio del 2021.- La relatora especial sobre&hellip;<\/p>\n","protected":false},"author":2,"featured_media":28250,"comment_status":"closed","ping_status":"open","sticky":false,"template":"","format":"standard","meta":{"_lmt_disableupdate":"","_lmt_disable":"","_jetpack_memberships_contains_paid_content":false,"footnotes":""},"categories":[109,46],"tags":[1059],"class_list":["post-28248","post","type-post","status-publish","format-standard","has-post-thumbnail","hentry","category-minuto-a-minuto","category-zona-blanca","tag-maria-del-sol-cruz-jarquin"],"jetpack_featured_media_url":"https:\/\/zonaroja.com.mx\/wp-content\/uploads\/2021\/06\/Relatora-ONU-Sol.jpg","jetpack_sharing_enabled":true,"_links":{"self":[{"href":"https:\/\/zonaroja.com.mx\/index.php?rest_route=\/wp\/v2\/posts\/28248","targetHints":{"allow":["GET"]}}],"collection":[{"href":"https:\/\/zonaroja.com.mx\/index.php?rest_route=\/wp\/v2\/posts"}],"about":[{"href":"https:\/\/zonaroja.com.mx\/index.php?rest_route=\/wp\/v2\/types\/post"}],"author":[{"embeddable":true,"href":"https:\/\/zonaroja.com.mx\/index.php?rest_route=\/wp\/v2\/users\/2"}],"replies":[{"embeddable":true,"href":"https:\/\/zonaroja.com.mx\/index.php?rest_route=%2Fwp%2Fv2%2Fcomments&post=28248"}],"version-history":[{"count":1,"href":"https:\/\/zonaroja.com.mx\/index.php?rest_route=\/wp\/v2\/posts\/28248\/revisions"}],"predecessor-version":[{"id":28251,"href":"https:\/\/zonaroja.com.mx\/index.php?rest_route=\/wp\/v2\/posts\/28248\/revisions\/28251"}],"wp:featuredmedia":[{"embeddable":true,"href":"https:\/\/zonaroja.com.mx\/index.php?rest_route=\/wp\/v2\/media\/28250"}],"wp:attachment":[{"href":"https:\/\/zonaroja.com.mx\/index.php?rest_route=%2Fwp%2Fv2%2Fmedia&parent=28248"}],"wp:term":[{"taxonomy":"category","embeddable":true,"href":"https:\/\/zonaroja.com.mx\/index.php?rest_route=%2Fwp%2Fv2%2Fcategories&post=28248"},{"taxonomy":"post_tag","embeddable":true,"href":"https:\/\/zonaroja.com.mx\/index.php?rest_route=%2Fwp%2Fv2%2Ftags&post=28248"}],"curies":[{"name":"wp","href":"https:\/\/api.w.org\/{rel}","templated":true}]}}