{"id":28255,"date":"2021-06-07T14:53:50","date_gmt":"2021-06-07T19:53:50","guid":{"rendered":"https:\/\/www.zonaroja.com.mx\/?p=28255"},"modified":"2021-06-07T14:53:53","modified_gmt":"2021-06-07T19:53:53","slug":"acepta-villacana-que-cifras-no-le-favorecen-agradece-a-votantes-la-confianza","status":"publish","type":"post","link":"https:\/\/zonaroja.com.mx\/?p=28255","title":{"rendered":"Acepta Villaca\u00f1a que cifras no le favorecen; agradece a votantes la confianza"},"content":{"rendered":"\n<p class=\"MsoNormal\">Evlin Arag\u00f3n\/Zona Roja.&nbsp;<\/p>\n\n\n\n<p class=\"MsoNormal\">Oaxaca de Ju\u00e1rez, Oax., 7 de junio de 2021.- Quien fuera candidato a la presidencia municipal de Oaxaca de Ju\u00e1rez por la coalici\u00f3n \u201cVa por Oaxaca\u201d, Javier Villaca\u00f1a Jim\u00e9nez, reconoci\u00f3 que los resultados no le favorecen, ello, aunque el conteo del Programa de Resultados Electorales Preliminares (PREP) a\u00fan no concluye.&nbsp;&nbsp;&nbsp;<\/p>\n\n\n\n<p class=\"MsoNormal\">Mediante un comunicado, indic\u00f3 que, aunque la coalici\u00f3n conformada por el PRI, PAN y PRD obtuvo una votaci\u00f3n hist\u00f3rica, esta no fue suficiente para derrotar en las urnas a su principal contendiente, Francisco Mart\u00ednez Neri.&nbsp;<\/p>\n\n\n\n<p class=\"MsoNormal\">Destac\u00f3 que como pol\u00edtico profesional, como lo ha demostrado durante d\u00e9cadas, sumar\u00e1 su trabajo porque lo que le interesa es el bien de Oaxaca; adem\u00e1s hizo&nbsp;&nbsp;un llamado a no seguir polarizando al pa\u00eds y a la ciudad, toda vez que Oaxaca no necesita divisi\u00f3n ni confrontaci\u00f3n.&nbsp;&nbsp;<\/p>\n\n\n\n<p class=\"MsoNormal\">\u201cEs tiempo ir en unidad para recuperar su esplendor. Esto apenas comienza y estar\u00e9 vigilante de que los intereses de Oaxaca converjan por el bien de todas y todos\u201d, indic\u00f3.&nbsp;&nbsp;&nbsp;<\/p>\n\n\n\n<p class=\"MsoNormal\">Villaca\u00f1a Jim\u00e9nez agradeci\u00f3 a las y los capitalinos la confianza mostrada, a trav\u00e9s de su voto, a la propuesta de trabajo que plante\u00f3 desde el inicio de la campa\u00f1a, con quienes adem\u00e1s dijo, trabajar\u00e1 de la mano sin importar la trinchera desde la que se encuentre.&nbsp;&nbsp;&nbsp;<\/p>\n\n\n\n<p class=\"MsoNormal\">Finalmente, explic\u00f3 que hoy mismo sostendr\u00e1 reuniones con su equipo de trabajo y los grupos de promoci\u00f3n del voto a quienes agradecer\u00e1 personalmente su respaldo y compromiso.&nbsp;<\/p>\n\n\n\n<p class=\"MsoNormal\">Mientras que, de manera personal, recuperar\u00e1 para darle la vuelta a la p\u00e1gina y seguir contribuyendo con la ciudad de Oaxaca y su gente.&nbsp;<\/p>\n\n\n\n<p class=\"MsoNormal\">De acuerdo con el Programa de Resultados Electorales Preliminares, cuyo conteo&nbsp;a las 14:00&nbsp;horas era del 94.6 por ciento de actas capturadas, Javier Villaca\u00f1a Jim\u00e9nez llevaba 38 mil 566 votos, cifra muy debajo de los 57 mil 660 registrados para su principal oponente Francisco Mart\u00ednez Neri.&nbsp;&nbsp;<\/p>\n\n\n\n<p class=\"MsoNormal\">Lo anterior evidencia una derrota irreversible para el proyecto impulsado por los partidos Acci\u00f3n Nacional, Revoluci\u00f3n Democr\u00e1tica y Revolucionario Institucional para la capital de Oaxaca.   <\/p>\n","protected":false},"excerpt":{"rendered":"<p>Evlin Arag\u00f3n\/Zona Roja.&nbsp; Oaxaca de Ju\u00e1rez, Oax., 7 de junio de 2021.- Quien fuera candidato&hellip;<\/p>\n","protected":false},"author":2,"featured_media":28254,"comment_status":"closed","ping_status":"open","sticky":false,"template":"","format":"standard","meta":{"_lmt_disableupdate":"","_lmt_disable":"","_jetpack_memberships_contains_paid_content":false,"footnotes":""},"categories":[109,46],"tags":[2456],"class_list":["post-28255","post","type-post","status-publish","format-standard","has-post-thumbnail","hentry","category-minuto-a-minuto","category-zona-blanca","tag-javier-villacana-jimenez"],"jetpack_featured_media_url":"https:\/\/zonaroja.com.mx\/wp-content\/uploads\/2021\/06\/c9a7f27b-db02-477a-9fad-2bf3b08c7055.jpg","jetpack_sharing_enabled":true,"_links":{"self":[{"href":"https:\/\/zonaroja.com.mx\/index.php?rest_route=\/wp\/v2\/posts\/28255","targetHints":{"allow":["GET"]}}],"collection":[{"href":"https:\/\/zonaroja.com.mx\/index.php?rest_route=\/wp\/v2\/posts"}],"about":[{"href":"https:\/\/zonaroja.com.mx\/index.php?rest_route=\/wp\/v2\/types\/post"}],"author":[{"embeddable":true,"href":"https:\/\/zonaroja.com.mx\/index.php?rest_route=\/wp\/v2\/users\/2"}],"replies":[{"embeddable":true,"href":"https:\/\/zonaroja.com.mx\/index.php?rest_route=%2Fwp%2Fv2%2Fcomments&post=28255"}],"version-history":[{"count":1,"href":"https:\/\/zonaroja.com.mx\/index.php?rest_route=\/wp\/v2\/posts\/28255\/revisions"}],"predecessor-version":[{"id":28256,"href":"https:\/\/zonaroja.com.mx\/index.php?rest_route=\/wp\/v2\/posts\/28255\/revisions\/28256"}],"wp:featuredmedia":[{"embeddable":true,"href":"https:\/\/zonaroja.com.mx\/index.php?rest_route=\/wp\/v2\/media\/28254"}],"wp:attachment":[{"href":"https:\/\/zonaroja.com.mx\/index.php?rest_route=%2Fwp%2Fv2%2Fmedia&parent=28255"}],"wp:term":[{"taxonomy":"category","embeddable":true,"href":"https:\/\/zonaroja.com.mx\/index.php?rest_route=%2Fwp%2Fv2%2Fcategories&post=28255"},{"taxonomy":"post_tag","embeddable":true,"href":"https:\/\/zonaroja.com.mx\/index.php?rest_route=%2Fwp%2Fv2%2Ftags&post=28255"}],"curies":[{"name":"wp","href":"https:\/\/api.w.org\/{rel}","templated":true}]}}