{"id":28257,"date":"2021-06-07T16:10:26","date_gmt":"2021-06-07T21:10:26","guid":{"rendered":"http:\/\/www.zonaroja.com.mx\/?p=28257"},"modified":"2021-06-07T16:10:30","modified_gmt":"2021-06-07T21:10:30","slug":"pide-neri-a-sus-contrincantes-sumarse-a-su-proyecto-de-gobierno","status":"publish","type":"post","link":"https:\/\/zonaroja.com.mx\/?p=28257","title":{"rendered":"Pide Neri a sus contrincantes sumarse a su proyecto de gobierno"},"content":{"rendered":"\n<p>Evlin Arag\u00f3n\/Zona Roja.<\/p>\n\n\n\n<p>Oaxaca de Ju\u00e1rez, Oax., 7 de junio de 2021.- Tras los resultados preliminares de la jornada electoral de este domingo, quien fuera candidato por Morena a la presidencia municipal de Oaxaca de Ju\u00e1rez, Francisco Mart\u00ednez Neri, se declar\u00f3 vencedor de la contienda y exhort\u00f3 a sus contrincantes a sumarse a su proyecto de gobierno.<\/p>\n\n\n\n<p>Desde la madrugada de este lunes, el contador de profesi\u00f3n asegur\u00f3 que, con la mayor\u00eda de las actas contadas, en el Programa de Resultados Electorales Preliminares, el triunfo para la propuesta que encabeza era irreversible.&nbsp;<\/p>\n\n\n\n<p>\u201cPuedo decirles que hemos ganado la presidencia municipal de Oaxaca de Ju\u00e1rez\u201d, refiri\u00f3 jubiloso el ex diputado local y federal.&nbsp;<\/p>\n\n\n\n<p>El virtual vencedor de la contienda electoral en la capital del estado, manifest\u00f3 que los n\u00fameros del PREP coinciden con las encuestas de salida que ya anunciaba una importante preferencia para su candidatura.\u00a0<\/p>\n\n\n\n<figure class=\"wp-block-embed-twitter wp-block-embed is-type-rich is-provider-twitter\"><div class=\"wp-block-embed__wrapper\">\n<div class=\"twitter-tweet\"><blockquote class=\"twitter-tweet\" data-lang=\"es\"><p lang=\"es\" dir=\"ltr\"><a href=\"https:\/\/twitter.com\/hashtag\/EleccionesOaxaca2021?src=hash&amp;ref_src=twsrc%5Etfw\">#EleccionesOaxaca2021<\/a> <br>As\u00ed dio a conocer <a href=\"https:\/\/twitter.com\/FMartinezNeri?ref_src=twsrc%5Etfw\">@FMartinezNeri<\/a> la madrugada de hoy, su triunfo en el municipio de <a href=\"https:\/\/twitter.com\/hashtag\/Oaxaca?src=hash&amp;ref_src=twsrc%5Etfw\">#Oaxaca<\/a> de Ju\u00e1rez. <a href=\"https:\/\/t.co\/do7cDlcFmo\">pic.twitter.com\/do7cDlcFmo<\/a><\/p>&mdash; Zona Roja Oaxaca (@Zona_Roja_Oax) <a href=\"https:\/\/twitter.com\/Zona_Roja_Oax\/status\/1401915228284243981?ref_src=twsrc%5Etfw\">7 de junio de 2021<\/a><\/blockquote><\/div>\n<\/div><\/figure>\n\n\n\n<p>Aprovech\u00f3 tambi\u00e9n para conminar a sus contendientes a unir fuerzas para sacar adelante a la ciudad de Oaxaca, dejando atr\u00e1s la contienda y tomando en cuenta que la ciudadan\u00eda esta \u00e1vida de bueno resultados por parte de la clase pol\u00edtica.&nbsp;<\/p>\n\n\n\n<p>\u201cCreo que vale la pena, es un gran esfuerzo. Es por Oaxaca, por Oaxaca de Ju\u00e1rez y por M\u00e9xico\u00bb, dijo.&nbsp;&nbsp;<\/p>\n\n\n\n<p>Finalmente agradeci\u00f3 a las y los capitalinos que depositaron su confianza en el proyecto que encabeza, y a quienes no lo hicieron les refrendo un proyecto incluyente en el que se tome en cuenta a toda la poblaci\u00f3n.&nbsp;<\/p>\n\n\n\n<p>\u201cVamos a trabajar por Oaxaca, vamos a trabajar por Oaxaca de Ju\u00e1rez, vamos a trabajar por M\u00e9xico. Much\u00edsimas gracias\u201d, sentenci\u00f3&nbsp;&nbsp;<\/p>\n\n\n\n<p>Con cierre a las 13:00 horas y con m\u00e1s del 94 por ciento de las actas capturadas, Francisco Mart\u00ednez Neri, contaba con un 50.82 por ciento de la votaci\u00f3n, traducido en 57 mil 660 votos a favor.<\/p>\n\n\n\n<p>Lo anterior muy por encima de su principal contrincante Javier Villaca\u00f1a Jim\u00e9nez que reportaba 33.99 por ciento de la votaci\u00f3n, traducida en 38 mil 566 votos.&nbsp;&nbsp;<\/p>\n","protected":false},"excerpt":{"rendered":"<p>Evlin Arag\u00f3n\/Zona Roja. Oaxaca de Ju\u00e1rez, Oax., 7 de junio de 2021.- Tras los resultados&hellip;<\/p>\n","protected":false},"author":2,"featured_media":28258,"comment_status":"closed","ping_status":"open","sticky":false,"template":"","format":"standard","meta":{"_lmt_disableupdate":"","_lmt_disable":"","_jetpack_memberships_contains_paid_content":false,"footnotes":""},"categories":[109,46],"tags":[2418],"class_list":["post-28257","post","type-post","status-publish","format-standard","has-post-thumbnail","hentry","category-minuto-a-minuto","category-zona-blanca","tag-francisco-martinez-neri"],"jetpack_featured_media_url":"https:\/\/zonaroja.com.mx\/wp-content\/uploads\/2021\/06\/Francisco-Martinez-Neri-1.jpg","jetpack_sharing_enabled":true,"_links":{"self":[{"href":"https:\/\/zonaroja.com.mx\/index.php?rest_route=\/wp\/v2\/posts\/28257","targetHints":{"allow":["GET"]}}],"collection":[{"href":"https:\/\/zonaroja.com.mx\/index.php?rest_route=\/wp\/v2\/posts"}],"about":[{"href":"https:\/\/zonaroja.com.mx\/index.php?rest_route=\/wp\/v2\/types\/post"}],"author":[{"embeddable":true,"href":"https:\/\/zonaroja.com.mx\/index.php?rest_route=\/wp\/v2\/users\/2"}],"replies":[{"embeddable":true,"href":"https:\/\/zonaroja.com.mx\/index.php?rest_route=%2Fwp%2Fv2%2Fcomments&post=28257"}],"version-history":[{"count":1,"href":"https:\/\/zonaroja.com.mx\/index.php?rest_route=\/wp\/v2\/posts\/28257\/revisions"}],"predecessor-version":[{"id":28259,"href":"https:\/\/zonaroja.com.mx\/index.php?rest_route=\/wp\/v2\/posts\/28257\/revisions\/28259"}],"wp:featuredmedia":[{"embeddable":true,"href":"https:\/\/zonaroja.com.mx\/index.php?rest_route=\/wp\/v2\/media\/28258"}],"wp:attachment":[{"href":"https:\/\/zonaroja.com.mx\/index.php?rest_route=%2Fwp%2Fv2%2Fmedia&parent=28257"}],"wp:term":[{"taxonomy":"category","embeddable":true,"href":"https:\/\/zonaroja.com.mx\/index.php?rest_route=%2Fwp%2Fv2%2Fcategories&post=28257"},{"taxonomy":"post_tag","embeddable":true,"href":"https:\/\/zonaroja.com.mx\/index.php?rest_route=%2Fwp%2Fv2%2Ftags&post=28257"}],"curies":[{"name":"wp","href":"https:\/\/api.w.org\/{rel}","templated":true}]}}