{"id":2826,"date":"2019-08-05T08:13:47","date_gmt":"2019-08-05T13:13:47","guid":{"rendered":"http:\/\/www.zonaroja.com.mx\/?p=2826"},"modified":"2019-08-04T22:14:34","modified_gmt":"2019-08-05T03:14:34","slug":"se-atribuye-fiscalia-detencion-que-realizo-policia-municipal","status":"publish","type":"post","link":"https:\/\/zonaroja.com.mx\/?p=2826","title":{"rendered":"Se atribuye Fiscal\u00eda detenci\u00f3n que realiz\u00f3 polic\u00eda municipal"},"content":{"rendered":"\n<p>Redacci\u00f3n\/Zona\nRoja.<\/p>\n\n\n\n<p>Oaxaca de\nJu\u00e1rez, Oax., 5 de agosto de 2019.- Sin detallar que fue una detenci\u00f3n que\ninicialmente realiz\u00f3 la Direcci\u00f3n de Seguridad P\u00fablica del ayuntamiento de\nOaxaca de Ju\u00e1rez, la Fiscal\u00eda General del Estado se atribuy\u00f3 la captura de un\nindividuo acusado de robo a negocios en la capital.<\/p>\n\n\n\n<p>\u201cLuego de\ndarse a conocer en redes sociales realizando diversos asaltos a diferentes\nestablecimientos del municipio de Oaxaca de Ju\u00e1rez,&nbsp; y asumiendo el caso proactivamente, la\nFiscal\u00eda General del Estado de Oaxaca (FGEO) identific\u00f3 y aprehendi\u00f3 a E. F.\nC., como probable responsable de cometer el delito de robo calificado con\nviolencia moral a las personas\u201d, inform\u00f3 en un comunicado la noche de este\ndomingo.<\/p>\n\n\n\n<p>\u201cEl probable responsable fue aprehendido este 3 de agosto, en la jurisdicci\u00f3n de&nbsp; Reyes Mantec\u00f3n, municipio de San Bartolo Coyotepec y puesto inmediatamente a disposici\u00f3n de la autoridad judicial.&nbsp; <\/p>\n\n\n\n<figure class=\"wp-block-embed-twitter wp-block-embed is-type-rich is-provider-twitter\"><div class=\"wp-block-embed__wrapper\">\n<div class=\"twitter-tweet\"><blockquote class=\"twitter-tweet\" data-lang=\"es\"><p lang=\"es\" dir=\"ltr\"><a href=\"https:\/\/twitter.com\/FISCALIA_GobOax?ref_src=twsrc%5Etfw\">@FISCALIA_GobOax<\/a>  aprehende y lleva a audiencia a probable asaltante que cometi\u00f3 diversos il\u00edcitos en <a href=\"https:\/\/twitter.com\/hashtag\/OaxacaDeJu%C3%A1rez?src=hash&amp;ref_src=twsrc%5Etfw\">#OaxacaDeJu\u00e1rez<\/a>.<a href=\"https:\/\/twitter.com\/hashtag\/Oaxaca?src=hash&amp;ref_src=twsrc%5Etfw\">#Oaxaca<\/a><a href=\"https:\/\/twitter.com\/alejandromurat?ref_src=twsrc%5Etfw\">@alejandromurat<\/a> <a href=\"https:\/\/twitter.com\/RVasconcelosM?ref_src=twsrc%5Etfw\">@RVasconcelosM<\/a> <a href=\"https:\/\/twitter.com\/hashtag\/ProcuramosJusticiaParaTi?src=hash&amp;ref_src=twsrc%5Etfw\">#ProcuramosJusticiaParaTi<\/a> <a href=\"https:\/\/t.co\/MqjBbGbged\">pic.twitter.com\/MqjBbGbged<\/a><\/p>&mdash; Fiscal\u00eda General (@FISCALIA_GobOax) <a href=\"https:\/\/twitter.com\/FISCALIA_GobOax\/status\/1158179987284844544?ref_src=twsrc%5Etfw\">5 de agosto de 2019<\/a><\/blockquote><\/div>\n<\/div><\/figure>\n\n\n\n<p>\u201cDe acuerdo\ncon la causa penal 564\/2019, el pasado 31 de julio de 2019, E. F. C. ingres\u00f3 a\nun negocio de bolsas de piel y textil ubicado en c\u00e9ntricas calles de Oaxaca de\nJu\u00e1rez y amenazando con un arma punzocortante (cuchillo) a la empleada,\nsustrajo dinero de la caja registradora. Sin embargo, fue videograbado por\nc\u00e1maras de seguridad del negocio y exhibido en las redes sociales\u201d, detall\u00f3.<\/p>\n\n\n\n<p>No obstante,\nno expuso en su bolet\u00edn que \u00fanicamente le ejecut\u00f3 una orden de aprehensi\u00f3n al\nsalir de los separos en Ciudad Judicial, que se asienta en Reyes Mantec\u00f3n,\nCoyotepec, una vez que se venci\u00f3 el t\u00e9rmino de 36 horas de su detenci\u00f3n.<\/p>\n\n\n\n<p>El pasado viernes, la Direcci\u00f3n de Seguridad P\u00fablica inform\u00f3, tambi\u00e9n en un comunicado, que personal de Proximidad Social detuvo a la persona se\u00f1alada en redes sociales como presunta responsable de al menos tres robos en el centro de la ciudad \u201cy ser\u00e1 consignado a la autoridad ministerial\u201d.<\/p>\n\n\n\n<figure class=\"wp-block-embed-twitter wp-block-embed is-type-rich is-provider-twitter\"><div class=\"wp-block-embed__wrapper\">\n<div class=\"twitter-tweet\"><blockquote class=\"twitter-tweet\" data-lang=\"es\"><p lang=\"es\" dir=\"ltr\">Personal de Proximidad Social detuvo, hace unos momentos, a la persona se\u00f1alada en redes sociales como presunta responsable de al menos tres robos con violencia en el centro de la ciudad. Ser\u00e1 consignada a la autoridad ministerial <a href=\"https:\/\/twitter.com\/MunicipioOaxaca?ref_src=twsrc%5Etfw\">@MunicipioOaxaca<\/a> <a href=\"https:\/\/twitter.com\/hashtag\/MunicipioSeguro?src=hash&amp;ref_src=twsrc%5Etfw\">#MunicipioSeguro<\/a> <a href=\"https:\/\/t.co\/kE4hHXmJ7C\">pic.twitter.com\/kE4hHXmJ7C<\/a><\/p>&mdash; Seguridad y Protecci\u00f3n Ciudadana de Oaxaca (@MunicipioSeguro) <a href=\"https:\/\/twitter.com\/MunicipioSeguro\/status\/1157427413170585600?ref_src=twsrc%5Etfw\">2 de agosto de 2019<\/a><\/blockquote><\/div>\n<\/div><\/figure>\n\n\n\n<p>\u201cEl detenido\ndijo llamare Edwin F. C., de 24 a\u00f1os de edad, fue consignado a la Fiscal\u00eda\nGeneral del Estado\u201d, escribi\u00f3 en un comunicado, en que explic\u00f3 que fue detenido\nen la avenida Hidalgo casi esquina con Victoria de la capital.<\/p>\n\n\n\n<p>El individuo fue llevado ayer a audiencia de comunicaci\u00f3n de\nimputaci\u00f3n, solicit\u00f3 ampliaci\u00f3n del plazo constitucional y se le dict\u00f3 prisi\u00f3n\npreventiva, pese a no ser delito grave.<\/p>\n","protected":false},"excerpt":{"rendered":"<p>Redacci\u00f3n\/Zona Roja. Oaxaca de Ju\u00e1rez, Oax., 5 de agosto de 2019.- Sin detallar que fue&hellip;<\/p>\n","protected":false},"author":2,"featured_media":2827,"comment_status":"closed","ping_status":"open","sticky":false,"template":"","format":"standard","meta":{"_lmt_disableupdate":"","_lmt_disable":"","_jetpack_memberships_contains_paid_content":false,"footnotes":""},"categories":[109,51],"tags":[479],"class_list":["post-2826","post","type-post","status-publish","format-standard","has-post-thumbnail","hentry","category-minuto-a-minuto","category-zona-roja","tag-asaltante-centro-ciudad-de-oaxaca"],"jetpack_featured_media_url":"https:\/\/zonaroja.com.mx\/wp-content\/uploads\/2019\/08\/69e3ea26-2a74-4c11-8e8b-92b5fa00c377.jpg","jetpack_sharing_enabled":true,"_links":{"self":[{"href":"https:\/\/zonaroja.com.mx\/index.php?rest_route=\/wp\/v2\/posts\/2826","targetHints":{"allow":["GET"]}}],"collection":[{"href":"https:\/\/zonaroja.com.mx\/index.php?rest_route=\/wp\/v2\/posts"}],"about":[{"href":"https:\/\/zonaroja.com.mx\/index.php?rest_route=\/wp\/v2\/types\/post"}],"author":[{"embeddable":true,"href":"https:\/\/zonaroja.com.mx\/index.php?rest_route=\/wp\/v2\/users\/2"}],"replies":[{"embeddable":true,"href":"https:\/\/zonaroja.com.mx\/index.php?rest_route=%2Fwp%2Fv2%2Fcomments&post=2826"}],"version-history":[{"count":2,"href":"https:\/\/zonaroja.com.mx\/index.php?rest_route=\/wp\/v2\/posts\/2826\/revisions"}],"predecessor-version":[{"id":2829,"href":"https:\/\/zonaroja.com.mx\/index.php?rest_route=\/wp\/v2\/posts\/2826\/revisions\/2829"}],"wp:featuredmedia":[{"embeddable":true,"href":"https:\/\/zonaroja.com.mx\/index.php?rest_route=\/wp\/v2\/media\/2827"}],"wp:attachment":[{"href":"https:\/\/zonaroja.com.mx\/index.php?rest_route=%2Fwp%2Fv2%2Fmedia&parent=2826"}],"wp:term":[{"taxonomy":"category","embeddable":true,"href":"https:\/\/zonaroja.com.mx\/index.php?rest_route=%2Fwp%2Fv2%2Fcategories&post=2826"},{"taxonomy":"post_tag","embeddable":true,"href":"https:\/\/zonaroja.com.mx\/index.php?rest_route=%2Fwp%2Fv2%2Ftags&post=2826"}],"curies":[{"name":"wp","href":"https:\/\/api.w.org\/{rel}","templated":true}]}}